{"id":184561,"date":"2025-07-09T08:00:35","date_gmt":"2025-07-09T12:00:35","guid":{"rendered":"https:\/\/zachary-jones.com\/zambombazo\/?p=184561"},"modified":"2025-07-03T10:45:04","modified_gmt":"2025-07-03T14:45:04","slug":"preguntitas-pintar-y-cantar-por-la-paz","status":"publish","type":"post","link":"https:\/\/zachary-jones.com\/zambombazo\/preguntitas-pintar-y-cantar-por-la-paz\/","title":{"rendered":"Preguntitas: Pintar y cantar por la paz"},"content":{"rendered":"<div class=\"video-container\">\n<div data-fullscreen=\"disabled\" data-mode=\"normal\" data-oembed=\"1\" data-provider=\"youtube\" data-reset-after-played id=\"arve-youtube-2xzu1jbswbg\" style=\"max-width:1100px;\" class=\"arve\">\n<div class=\"arve-inner\">\n<div style=\"aspect-ratio:500\/281\" class=\"arve-embed arve-embed--has-aspect-ratio\">\n<div class=\"arve-ar\" style=\"padding-top:56.200000%\"><\/div>\n<p>\t\t\t<iframe allow=\"accelerometer &apos;none&apos;;autoplay &apos;none&apos;;bluetooth &apos;none&apos;;browsing-topics &apos;none&apos;;camera &apos;none&apos;;clipboard-read &apos;none&apos;;clipboard-write;display-capture &apos;none&apos;;encrypted-media &apos;none&apos;;gamepad &apos;none&apos;;geolocation &apos;none&apos;;gyroscope &apos;none&apos;;hid &apos;none&apos;;identity-credentials-get &apos;none&apos;;idle-detection &apos;none&apos;;keyboard-map &apos;none&apos;;local-fonts;magnetometer &apos;none&apos;;microphone &apos;none&apos;;midi &apos;none&apos;;otp-credentials &apos;none&apos;;payment &apos;none&apos;;picture-in-picture;publickey-credentials-create &apos;none&apos;;publickey-credentials-get &apos;none&apos;;screen-wake-lock &apos;none&apos;;serial &apos;none&apos;;summarizer &apos;none&apos;;sync-xhr;usb &apos;none&apos;;web-share;window-management &apos;none&apos;;xr-spatial-tracking &apos;none&apos;;\" allowfullscreen=\"\" class=\"arve-iframe fitvidsignore\" credentialless data-arve=\"arve-youtube-2xzu1jbswbg\" data-lenis-prevent=\"\" data-src-no-ap=\"https:\/\/www.youtube-nocookie.com\/embed\/2xZu1jBswBg?feature=oembed&#038;wmode=opaque&amp;iv_load_policy=3&amp;modestbranding=1&amp;rel=0&amp;autohide=1&amp;playsinline=0&amp;autoplay=0&amp;enablejsapi=1\" frameborder=\"0\" height=\"618.2\" loading=\"lazy\" name=\"\" referrerpolicy=\"strict-origin-when-cross-origin\" sandbox=\"allow-scripts allow-same-origin allow-presentation allow-popups allow-popups-to-escape-sandbox\" scrolling=\"no\" src=\"https:\/\/www.youtube-nocookie.com\/embed\/2xZu1jBswBg?feature=oembed&#038;wmode=opaque&#038;iv_load_policy=3&#038;modestbranding=1&#038;rel=0&#038;autohide=1&#038;playsinline=0&#038;autoplay=0&#038;enablejsapi=1\" title=\"Encuentro del embajador de Ir\u00e1n, Ali Chegini, con el ministro Villegas en la Casona Cultural\" width=\"1100\"><\/iframe><\/p><\/div>\n<\/p><\/div>\n<p>\t<script type=\"application\/ld+json\">{\"@context\":\"http:\\\/\\\/schema.org\\\/\",\"@id\":\"https:\\\/\\\/zachary-jones.com\\\/zambombazo\\\/preguntitas-pintar-y-cantar-por-la-paz\\\/#arve-youtube-2xzu1jbswbg\",\"type\":\"VideoObject\",\"embedURL\":\"https:\\\/\\\/www.youtube-nocookie.com\\\/embed\\\/2xZu1jBswBg?feature=oembed&wmode=opaque&iv_load_policy=3&modestbranding=1&rel=0&autohide=1&playsinline=0&autoplay=0&enablejsapi=1\",\"name\":\"Encuentro del embajador de Ir\\u00e1n, Ali Chegini, con el ministro Villegas en la Casona Cultural\",\"thumbnailUrl\":\"https:\\\/\\\/i.ytimg.com\\\/vi\\\/2xZu1jBswBg\\\/hqdefault.jpg\",\"uploadDate\":\"2026-04-28T01:43:44-04:00\",\"author\":\"Ciudad Valencia\",\"description\":\"En este video de Ciudad Valencia, el embajador de la Rep\\u00fablica Isl\\u00e1mica de Ir\\u00e1n en Venezuela, Ali Chegini, afirma que el crecimiento de la cultura \\u201cconllevar\\u00eda al fin de la guerra en el mundo\\u201d. Por su parte, el ministro de Cultura, Ernesto Villegas, celebr\"}<\/script><\/p>\n<\/div>\n<\/div>\n<p>En este video de Ciudad Valencia, el embajador de la Rep\u00fablica Isl\u00e1mica de Ir\u00e1n en Venezuela, Ali Chegini, afirma que el crecimiento de la cultura \u201cconllevar\u00eda al fin de la guerra en el mundo\u201d. Por su parte, el ministro de Cultura, Ernesto Villegas, celebr\u00f3 que adultos y ni\u00f1os se reunieran para pintar y cantar por la paz.<\/p>\n<p>Temas: La paz<\/p>\n<hr \/><p><em><a href=\"https:\/\/zachary-jones.com\/zambombazo\/wp-login.php?action=register\"><strong>Become a member<\/strong><\/a> of Zambombazo today to gain access to this member-exclusive teaching activity plus thousands of other Spanish classroom activities on a wide variety of topics!<\/p><p>Already a member? <a href=\"https:\/\/zachary-jones.com\/zambombazo\/login\/\"><strong>Log in<\/strong><\/a> to access this activity.<\/em><\/p><hr \/>\n\n<h5>Unidades did\u00e1cticas relacionadas<\/h5>\n<ul>\n<li><a href=\"https:\/\/zachary-jones.com\/zambombazo\/peace\/\">La paz<\/a><\/li>\n<li><a href=\"https:\/\/zachary-jones.com\/zambombazo\/museums-libraries\/\">Los museos y las bibliotecas<\/a><\/li>\n<li><a href=\"https:\/\/zachary-jones.com\/zambombazo\/art-painting\/\">El arte y la pintura<\/a><\/li>\n<li><a href=\"https:\/\/zachary-jones.com\/zambombazo\/unity-global-citzenship\/\">La unidad y la ciudadan\u00eda global<\/a><\/li>\n<\/ul>\n","protected":false},"excerpt":{"rendered":"<p>El embajador de Ir\u00e1n y el ministro de Cultura de Venezuela celebran un encuentro art\u00edstico para pintar y cantar por la paz.<\/p>\n","protected":false},"author":3,"featured_media":184570,"comment_status":"closed","ping_status":"closed","sticky":false,"template":"","format":"standard","meta":{"pmpro_default_level":"","footnotes":""},"categories":[10],"tags":[364,840,626,715,583,79],"class_list":["post-184561","post","type-post","status-publish","format-standard","has-post-thumbnail","hentry","category-arte","tag-iran","tag-museos","tag-paz","tag-preguntitas","tag-unidad","tag-venezuela","pmpro-has-access"],"yoast_head":"<!-- This site is optimized with the Yoast SEO plugin v27.4 - https:\/\/yoast.com\/product\/yoast-seo-wordpress\/ -->\n<title>Preguntitas: Pintar y cantar por la paz<\/title>\n<meta name=\"description\" content=\"El embajador de Ir\u00e1n y el ministro de Cultura de Venezuela celebran un encuentro art\u00edstico para pintar y cantar por la paz.\" \/>\n<meta name=\"robots\" content=\"index, follow, max-snippet:-1, max-image-preview:large, max-video-preview:-1\" \/>\n<link rel=\"canonical\" href=\"https:\/\/zachary-jones.com\/zambombazo\/preguntitas-pintar-y-cantar-por-la-paz\/\" \/>\n<meta property=\"og:locale\" content=\"en_US\" \/>\n<meta property=\"og:type\" content=\"article\" \/>\n<meta property=\"og:title\" content=\"Preguntitas: Pintar y cantar por la paz\" \/>\n<meta property=\"og:description\" content=\"El embajador de Ir\u00e1n y el ministro de Cultura de Venezuela celebran un encuentro art\u00edstico para pintar y cantar por la paz.\" \/>\n<meta property=\"og:url\" content=\"https:\/\/zachary-jones.com\/zambombazo\/preguntitas-pintar-y-cantar-por-la-paz\/\" \/>\n<meta property=\"og:site_name\" content=\"Zambombazo\" \/>\n<meta property=\"article:published_time\" content=\"2025-07-09T12:00:35+00:00\" \/>\n<meta property=\"og:image\" content=\"https:\/\/zachary-jones.com\/zambombazo\/wp-content\/uploads\/2025\/07\/pintar_y_cantar_por_la_paz-f.jpg\" \/>\n\t<meta property=\"og:image:width\" content=\"720\" \/>\n\t<meta property=\"og:image:height\" content=\"340\" \/>\n\t<meta property=\"og:image:type\" content=\"image\/jpeg\" \/>\n<meta name=\"author\" content=\"Zachary &amp; Betsy Jones\" \/>\n<meta name=\"twitter:card\" content=\"summary_large_image\" \/>\n<meta name=\"twitter:creator\" content=\"@Zamb0mbazo\" \/>\n<meta name=\"twitter:site\" content=\"@Zamb0mbazo\" \/>\n<meta name=\"twitter:label1\" content=\"Written by\" \/>\n\t<meta name=\"twitter:data1\" content=\"Zachary &amp; Betsy Jones\" \/>\n\t<meta name=\"twitter:label2\" content=\"Est. reading time\" \/>\n\t<meta name=\"twitter:data2\" content=\"1 minute\" \/>\n<script type=\"application\/ld+json\" class=\"yoast-schema-graph\">{\"@context\":\"https:\\\/\\\/schema.org\",\"@graph\":[{\"@type\":\"Article\",\"@id\":\"https:\\\/\\\/zachary-jones.com\\\/zambombazo\\\/preguntitas-pintar-y-cantar-por-la-paz\\\/#article\",\"isPartOf\":{\"@id\":\"https:\\\/\\\/zachary-jones.com\\\/zambombazo\\\/preguntitas-pintar-y-cantar-por-la-paz\\\/\"},\"author\":{\"name\":\"Zachary &amp; Betsy Jones\",\"@id\":\"https:\\\/\\\/zachary-jones.com\\\/zambombazo\\\/#\\\/schema\\\/person\\\/9102799d8a516e01862183d162194000\"},\"headline\":\"Preguntitas: Pintar y cantar por la paz\",\"datePublished\":\"2025-07-09T12:00:35+00:00\",\"mainEntityOfPage\":{\"@id\":\"https:\\\/\\\/zachary-jones.com\\\/zambombazo\\\/preguntitas-pintar-y-cantar-por-la-paz\\\/\"},\"wordCount\":169,\"publisher\":{\"@id\":\"https:\\\/\\\/zachary-jones.com\\\/zambombazo\\\/#organization\"},\"image\":{\"@id\":\"https:\\\/\\\/zachary-jones.com\\\/zambombazo\\\/preguntitas-pintar-y-cantar-por-la-paz\\\/#primaryimage\"},\"thumbnailUrl\":\"https:\\\/\\\/zachary-jones.com\\\/zambombazo\\\/wp-content\\\/uploads\\\/2025\\\/07\\\/pintar_y_cantar_por_la_paz-f.jpg\",\"keywords\":[\"Ir\u00e1n\",\"Museos\",\"Paz\",\"Preguntitas\",\"Unidad\",\"Venezuela\"],\"articleSection\":[\"Arte\"],\"inLanguage\":\"en-US\"},{\"@type\":\"WebPage\",\"@id\":\"https:\\\/\\\/zachary-jones.com\\\/zambombazo\\\/preguntitas-pintar-y-cantar-por-la-paz\\\/\",\"url\":\"https:\\\/\\\/zachary-jones.com\\\/zambombazo\\\/preguntitas-pintar-y-cantar-por-la-paz\\\/\",\"name\":\"Preguntitas: Pintar y cantar por la paz\",\"isPartOf\":{\"@id\":\"https:\\\/\\\/zachary-jones.com\\\/zambombazo\\\/#website\"},\"primaryImageOfPage\":{\"@id\":\"https:\\\/\\\/zachary-jones.com\\\/zambombazo\\\/preguntitas-pintar-y-cantar-por-la-paz\\\/#primaryimage\"},\"image\":{\"@id\":\"https:\\\/\\\/zachary-jones.com\\\/zambombazo\\\/preguntitas-pintar-y-cantar-por-la-paz\\\/#primaryimage\"},\"thumbnailUrl\":\"https:\\\/\\\/zachary-jones.com\\\/zambombazo\\\/wp-content\\\/uploads\\\/2025\\\/07\\\/pintar_y_cantar_por_la_paz-f.jpg\",\"datePublished\":\"2025-07-09T12:00:35+00:00\",\"description\":\"El embajador de Ir\u00e1n y el ministro de Cultura de Venezuela celebran un encuentro art\u00edstico para pintar y cantar por la paz.\",\"breadcrumb\":{\"@id\":\"https:\\\/\\\/zachary-jones.com\\\/zambombazo\\\/preguntitas-pintar-y-cantar-por-la-paz\\\/#breadcrumb\"},\"inLanguage\":\"en-US\",\"potentialAction\":[{\"@type\":\"ReadAction\",\"target\":[\"https:\\\/\\\/zachary-jones.com\\\/zambombazo\\\/preguntitas-pintar-y-cantar-por-la-paz\\\/\"]}]},{\"@type\":\"ImageObject\",\"inLanguage\":\"en-US\",\"@id\":\"https:\\\/\\\/zachary-jones.com\\\/zambombazo\\\/preguntitas-pintar-y-cantar-por-la-paz\\\/#primaryimage\",\"url\":\"https:\\\/\\\/zachary-jones.com\\\/zambombazo\\\/wp-content\\\/uploads\\\/2025\\\/07\\\/pintar_y_cantar_por_la_paz-f.jpg\",\"contentUrl\":\"https:\\\/\\\/zachary-jones.com\\\/zambombazo\\\/wp-content\\\/uploads\\\/2025\\\/07\\\/pintar_y_cantar_por_la_paz-f.jpg\",\"width\":720,\"height\":340},{\"@type\":\"BreadcrumbList\",\"@id\":\"https:\\\/\\\/zachary-jones.com\\\/zambombazo\\\/preguntitas-pintar-y-cantar-por-la-paz\\\/#breadcrumb\",\"itemListElement\":[{\"@type\":\"ListItem\",\"position\":1,\"name\":\"Home\",\"item\":\"https:\\\/\\\/zachary-jones.com\\\/zambombazo\\\/\"},{\"@type\":\"ListItem\",\"position\":2,\"name\":\"Preguntitas: Pintar y cantar por la paz\"}]},{\"@type\":\"WebSite\",\"@id\":\"https:\\\/\\\/zachary-jones.com\\\/zambombazo\\\/#website\",\"url\":\"https:\\\/\\\/zachary-jones.com\\\/zambombazo\\\/\",\"name\":\"Zambombazo\",\"description\":\"Lengua, m\u00fasica y cultura\",\"publisher\":{\"@id\":\"https:\\\/\\\/zachary-jones.com\\\/zambombazo\\\/#organization\"},\"potentialAction\":[{\"@type\":\"SearchAction\",\"target\":{\"@type\":\"EntryPoint\",\"urlTemplate\":\"https:\\\/\\\/zachary-jones.com\\\/zambombazo\\\/?s={search_term_string}\"},\"query-input\":{\"@type\":\"PropertyValueSpecification\",\"valueRequired\":true,\"valueName\":\"search_term_string\"}}],\"inLanguage\":\"en-US\"},{\"@type\":\"Organization\",\"@id\":\"https:\\\/\\\/zachary-jones.com\\\/zambombazo\\\/#organization\",\"name\":\"Zambombazo\",\"url\":\"https:\\\/\\\/zachary-jones.com\\\/zambombazo\\\/\",\"logo\":{\"@type\":\"ImageObject\",\"inLanguage\":\"en-US\",\"@id\":\"https:\\\/\\\/zachary-jones.com\\\/zambombazo\\\/#\\\/schema\\\/logo\\\/image\\\/\",\"url\":\"https:\\\/\\\/zachary-jones.com\\\/zambombazo\\\/wp-content\\\/uploads\\\/2014\\\/05\\\/zambombazo_logo_google_knowledge_graph.png\",\"contentUrl\":\"https:\\\/\\\/zachary-jones.com\\\/zambombazo\\\/wp-content\\\/uploads\\\/2014\\\/05\\\/zambombazo_logo_google_knowledge_graph.png\",\"width\":1000,\"height\":134,\"caption\":\"Zambombazo\"},\"image\":{\"@id\":\"https:\\\/\\\/zachary-jones.com\\\/zambombazo\\\/#\\\/schema\\\/logo\\\/image\\\/\"},\"sameAs\":[\"https:\\\/\\\/x.com\\\/Zamb0mbazo\",\"https:\\\/\\\/www.youtube.com\\\/user\\\/profzjones\"]},{\"@type\":\"Person\",\"@id\":\"https:\\\/\\\/zachary-jones.com\\\/zambombazo\\\/#\\\/schema\\\/person\\\/9102799d8a516e01862183d162194000\",\"name\":\"Zachary &amp; Betsy Jones\",\"image\":{\"@type\":\"ImageObject\",\"inLanguage\":\"en-US\",\"@id\":\"https:\\\/\\\/secure.gravatar.com\\\/avatar\\\/a375434a90c98816c5c553aac3b90f9579cfde7e18a43601be11509e2ec973dd?s=96&d=mm&r=g\",\"url\":\"https:\\\/\\\/secure.gravatar.com\\\/avatar\\\/a375434a90c98816c5c553aac3b90f9579cfde7e18a43601be11509e2ec973dd?s=96&d=mm&r=g\",\"contentUrl\":\"https:\\\/\\\/secure.gravatar.com\\\/avatar\\\/a375434a90c98816c5c553aac3b90f9579cfde7e18a43601be11509e2ec973dd?s=96&d=mm&r=g\",\"caption\":\"Zachary &amp; Betsy Jones\"}}]}<\/script>\n<!-- \/ Yoast SEO plugin. -->","yoast_head_json":{"title":"Preguntitas: Pintar y cantar por la paz","description":"El embajador de Ir\u00e1n y el ministro de Cultura de Venezuela celebran un encuentro art\u00edstico para pintar y cantar por la paz.","robots":{"index":"index","follow":"follow","max-snippet":"max-snippet:-1","max-image-preview":"max-image-preview:large","max-video-preview":"max-video-preview:-1"},"canonical":"https:\/\/zachary-jones.com\/zambombazo\/preguntitas-pintar-y-cantar-por-la-paz\/","og_locale":"en_US","og_type":"article","og_title":"Preguntitas: Pintar y cantar por la paz","og_description":"El embajador de Ir\u00e1n y el ministro de Cultura de Venezuela celebran un encuentro art\u00edstico para pintar y cantar por la paz.","og_url":"https:\/\/zachary-jones.com\/zambombazo\/preguntitas-pintar-y-cantar-por-la-paz\/","og_site_name":"Zambombazo","article_published_time":"2025-07-09T12:00:35+00:00","og_image":[{"width":720,"height":340,"url":"https:\/\/zachary-jones.com\/zambombazo\/wp-content\/uploads\/2025\/07\/pintar_y_cantar_por_la_paz-f.jpg","type":"image\/jpeg"}],"author":"Zachary &amp; Betsy Jones","twitter_card":"summary_large_image","twitter_creator":"@Zamb0mbazo","twitter_site":"@Zamb0mbazo","twitter_misc":{"Written by":"Zachary &amp; Betsy Jones","Est. reading time":"1 minute"},"schema":{"@context":"https:\/\/schema.org","@graph":[{"@type":"Article","@id":"https:\/\/zachary-jones.com\/zambombazo\/preguntitas-pintar-y-cantar-por-la-paz\/#article","isPartOf":{"@id":"https:\/\/zachary-jones.com\/zambombazo\/preguntitas-pintar-y-cantar-por-la-paz\/"},"author":{"name":"Zachary &amp; Betsy Jones","@id":"https:\/\/zachary-jones.com\/zambombazo\/#\/schema\/person\/9102799d8a516e01862183d162194000"},"headline":"Preguntitas: Pintar y cantar por la paz","datePublished":"2025-07-09T12:00:35+00:00","mainEntityOfPage":{"@id":"https:\/\/zachary-jones.com\/zambombazo\/preguntitas-pintar-y-cantar-por-la-paz\/"},"wordCount":169,"publisher":{"@id":"https:\/\/zachary-jones.com\/zambombazo\/#organization"},"image":{"@id":"https:\/\/zachary-jones.com\/zambombazo\/preguntitas-pintar-y-cantar-por-la-paz\/#primaryimage"},"thumbnailUrl":"https:\/\/zachary-jones.com\/zambombazo\/wp-content\/uploads\/2025\/07\/pintar_y_cantar_por_la_paz-f.jpg","keywords":["Ir\u00e1n","Museos","Paz","Preguntitas","Unidad","Venezuela"],"articleSection":["Arte"],"inLanguage":"en-US"},{"@type":"WebPage","@id":"https:\/\/zachary-jones.com\/zambombazo\/preguntitas-pintar-y-cantar-por-la-paz\/","url":"https:\/\/zachary-jones.com\/zambombazo\/preguntitas-pintar-y-cantar-por-la-paz\/","name":"Preguntitas: Pintar y cantar por la paz","isPartOf":{"@id":"https:\/\/zachary-jones.com\/zambombazo\/#website"},"primaryImageOfPage":{"@id":"https:\/\/zachary-jones.com\/zambombazo\/preguntitas-pintar-y-cantar-por-la-paz\/#primaryimage"},"image":{"@id":"https:\/\/zachary-jones.com\/zambombazo\/preguntitas-pintar-y-cantar-por-la-paz\/#primaryimage"},"thumbnailUrl":"https:\/\/zachary-jones.com\/zambombazo\/wp-content\/uploads\/2025\/07\/pintar_y_cantar_por_la_paz-f.jpg","datePublished":"2025-07-09T12:00:35+00:00","description":"El embajador de Ir\u00e1n y el ministro de Cultura de Venezuela celebran un encuentro art\u00edstico para pintar y cantar por la paz.","breadcrumb":{"@id":"https:\/\/zachary-jones.com\/zambombazo\/preguntitas-pintar-y-cantar-por-la-paz\/#breadcrumb"},"inLanguage":"en-US","potentialAction":[{"@type":"ReadAction","target":["https:\/\/zachary-jones.com\/zambombazo\/preguntitas-pintar-y-cantar-por-la-paz\/"]}]},{"@type":"ImageObject","inLanguage":"en-US","@id":"https:\/\/zachary-jones.com\/zambombazo\/preguntitas-pintar-y-cantar-por-la-paz\/#primaryimage","url":"https:\/\/zachary-jones.com\/zambombazo\/wp-content\/uploads\/2025\/07\/pintar_y_cantar_por_la_paz-f.jpg","contentUrl":"https:\/\/zachary-jones.com\/zambombazo\/wp-content\/uploads\/2025\/07\/pintar_y_cantar_por_la_paz-f.jpg","width":720,"height":340},{"@type":"BreadcrumbList","@id":"https:\/\/zachary-jones.com\/zambombazo\/preguntitas-pintar-y-cantar-por-la-paz\/#breadcrumb","itemListElement":[{"@type":"ListItem","position":1,"name":"Home","item":"https:\/\/zachary-jones.com\/zambombazo\/"},{"@type":"ListItem","position":2,"name":"Preguntitas: Pintar y cantar por la paz"}]},{"@type":"WebSite","@id":"https:\/\/zachary-jones.com\/zambombazo\/#website","url":"https:\/\/zachary-jones.com\/zambombazo\/","name":"Zambombazo","description":"Lengua, m\u00fasica y cultura","publisher":{"@id":"https:\/\/zachary-jones.com\/zambombazo\/#organization"},"potentialAction":[{"@type":"SearchAction","target":{"@type":"EntryPoint","urlTemplate":"https:\/\/zachary-jones.com\/zambombazo\/?s={search_term_string}"},"query-input":{"@type":"PropertyValueSpecification","valueRequired":true,"valueName":"search_term_string"}}],"inLanguage":"en-US"},{"@type":"Organization","@id":"https:\/\/zachary-jones.com\/zambombazo\/#organization","name":"Zambombazo","url":"https:\/\/zachary-jones.com\/zambombazo\/","logo":{"@type":"ImageObject","inLanguage":"en-US","@id":"https:\/\/zachary-jones.com\/zambombazo\/#\/schema\/logo\/image\/","url":"https:\/\/zachary-jones.com\/zambombazo\/wp-content\/uploads\/2014\/05\/zambombazo_logo_google_knowledge_graph.png","contentUrl":"https:\/\/zachary-jones.com\/zambombazo\/wp-content\/uploads\/2014\/05\/zambombazo_logo_google_knowledge_graph.png","width":1000,"height":134,"caption":"Zambombazo"},"image":{"@id":"https:\/\/zachary-jones.com\/zambombazo\/#\/schema\/logo\/image\/"},"sameAs":["https:\/\/x.com\/Zamb0mbazo","https:\/\/www.youtube.com\/user\/profzjones"]},{"@type":"Person","@id":"https:\/\/zachary-jones.com\/zambombazo\/#\/schema\/person\/9102799d8a516e01862183d162194000","name":"Zachary &amp; Betsy Jones","image":{"@type":"ImageObject","inLanguage":"en-US","@id":"https:\/\/secure.gravatar.com\/avatar\/a375434a90c98816c5c553aac3b90f9579cfde7e18a43601be11509e2ec973dd?s=96&d=mm&r=g","url":"https:\/\/secure.gravatar.com\/avatar\/a375434a90c98816c5c553aac3b90f9579cfde7e18a43601be11509e2ec973dd?s=96&d=mm&r=g","contentUrl":"https:\/\/secure.gravatar.com\/avatar\/a375434a90c98816c5c553aac3b90f9579cfde7e18a43601be11509e2ec973dd?s=96&d=mm&r=g","caption":"Zachary &amp; Betsy Jones"}}]}},"_links":{"self":[{"href":"https:\/\/zachary-jones.com\/zambombazo\/wp-json\/wp\/v2\/posts\/184561","targetHints":{"allow":["GET"]}}],"collection":[{"href":"https:\/\/zachary-jones.com\/zambombazo\/wp-json\/wp\/v2\/posts"}],"about":[{"href":"https:\/\/zachary-jones.com\/zambombazo\/wp-json\/wp\/v2\/types\/post"}],"author":[{"embeddable":true,"href":"https:\/\/zachary-jones.com\/zambombazo\/wp-json\/wp\/v2\/users\/3"}],"replies":[{"embeddable":true,"href":"https:\/\/zachary-jones.com\/zambombazo\/wp-json\/wp\/v2\/comments?post=184561"}],"version-history":[{"count":5,"href":"https:\/\/zachary-jones.com\/zambombazo\/wp-json\/wp\/v2\/posts\/184561\/revisions"}],"predecessor-version":[{"id":184569,"href":"https:\/\/zachary-jones.com\/zambombazo\/wp-json\/wp\/v2\/posts\/184561\/revisions\/184569"}],"wp:featuredmedia":[{"embeddable":true,"href":"https:\/\/zachary-jones.com\/zambombazo\/wp-json\/wp\/v2\/media\/184570"}],"wp:attachment":[{"href":"https:\/\/zachary-jones.com\/zambombazo\/wp-json\/wp\/v2\/media?parent=184561"}],"wp:term":[{"taxonomy":"category","embeddable":true,"href":"https:\/\/zachary-jones.com\/zambombazo\/wp-json\/wp\/v2\/categories?post=184561"},{"taxonomy":"post_tag","embeddable":true,"href":"https:\/\/zachary-jones.com\/zambombazo\/wp-json\/wp\/v2\/tags?post=184561"}],"curies":[{"name":"wp","href":"https:\/\/api.w.org\/{rel}","templated":true}]}}