{"id":102513,"date":"2016-02-01T08:01:12","date_gmt":"2016-02-01T13:01:12","guid":{"rendered":"http:\/\/zachary-jones.com\/zambombazo\/?p=102513"},"modified":"2026-03-22T04:26:32","modified_gmt":"2026-03-22T08:26:32","slug":"afrodescendientes-companeros-en-el-reino-de-la-cultura","status":"publish","type":"post","link":"https:\/\/zachary-jones.com\/zambombazo\/afrodescendientes-companeros-en-el-reino-de-la-cultura\/","title":{"rendered":"Afrodescendientes, compa\u00f1eros en el reino de la cultura"},"content":{"rendered":"<p>Estados Unidos celebra en febrero el <em>Black History Month<\/em>. Los fundadores de este mes, la Asociaci\u00f3n para el Estudio de la Vida y la Historia Afroestadounidenses, afirman en <a href=\"https:\/\/asalh100.org\/mission\/\">la declaraci\u00f3n de objetivos<\/a> de la organizaci\u00f3n:<\/p>\n<blockquote><p>Established on September 9, 1915 by Dr. Carter G. Woodson, we are the Founders of Black History Month and carry forth the work of our founder, the Father of Black History. We continue his legacy of speaking a fundamental truth to the world\u2013that Africans and peoples of African descent are makers of history and co-workers in what W. E. B. Du Bois called, \u201cThe Kingdom of Culture.\u201d<\/p><\/blockquote>\n<p>Algo que nos llam\u00f3 la atenci\u00f3n fue el amplio alcance de esta declaraci\u00f3n, que destaca el papel de todos los africanos y los afrodesciendientes como hacedores de la historia y compa\u00f1eros de trabajo en el reino de la cultura, que hace referencia a <a href=\"http:\/\/www.gutenberg.org\/files\/408\/408-h\/408-h.htm#chap01\"><em>The Souls of Black Folk<\/em><\/a> (Las almas del pueblo negro).<\/p>\n<p>Teniendo esto en mente, a continuaci\u00f3n recopilamos una lista de fechas en homenaje a la cultura afrodescendiente, particularmente en Latinoam\u00e9rica, con el deseo de encontrar similitudes entre estas celebraciones.<\/p>\n<p>Antes de empezar, cabe destacar brevemente lo que aclara Daryl Michael Scott en el art\u00edculo &#8220;<a href=\"https:\/\/asalh100.org\/origins-of-black-history-month\/\"><em>Origins of Black History Month<\/em><\/a>&#8220;:<\/p>\n<blockquote><p>Woodson believed that black history was too important to America and the world to be crammed into a limited time frame&#8230; but he would smile on all honest efforts to make black history a field of serious study and provide the public with thoughtful celebrations.<\/p><\/blockquote>\n<p>De la misma manera, la siguiente investigaci\u00f3n busca promover una conmemoraci\u00f3n reflexiva, no por una duraci\u00f3n limitada sino todo el a\u00f1o.<\/p>\n<p>Al leer sobre cada celebraci\u00f3n, reflexionemos sobre estas preguntas.<\/p>\n<h5>Pregunta principal<\/h5>\n<p>\u00bfC\u00f3mo subraya cada celebraci\u00f3n el papel de los afrodescendientes como hacedores de la historia y compa\u00f1eros de trabajo en el reino de la cultura?<\/p>\n<h5>Preguntas secundarias<\/h5>\n<ul>\n<li>\u00bfEn qu\u00e9 fecha se conmemora?<\/li>\n<li>\u00bfCu\u00e1les son sus objetivos?<\/li>\n<li>\u00bfEstablece una conexi\u00f3n con la identidad nacional?<\/li>\n<li>\u00bfQu\u00e9 palabras tienen en com\u00fan las varias declaraciones?<\/li>\n<\/ul>\n<hr \/>\n<h6>National African American History Month<\/h6>\n<p><strong>&#8212; febrero, Estados Unidos<\/strong><\/p>\n<p>El objetivo de este mes, que actualmente celebra su 40 aniversario, se explica en la p\u00e1gina de <a href=\"http:\/\/www.loc.gov\/law\/help\/commemorative-observations\/african-american.php\">la Biblioteca del Congreso de Estados Unidos<\/a>:<\/p>\n<blockquote><p>National African American History Month in February celebrates the contributions that African Americans have made to American history in their struggles for freedom and equality and deepens our understanding of our Nation&#8217;s history.\n<\/p><\/blockquote>\n<p><a href=\"http:\/\/iipdigital.usembassy.gov\/st\/spanish\/texttrans\/2012\/02\/20120202110043x0.96079.html\">La proclama presidencial emitida en 2012<\/a> afirma:<\/p>\n<blockquote><p>Durante el Mes Nacional de la Historia Afroestadounidense, celebramos el rico legado de los afroestadounidenses y rendimos homenaje a las admirables contribuciones que han hecho para perfeccionar nuestra uni\u00f3n.<\/p><\/blockquote>\n<hr \/>\n<h6>Black History Month<\/h6>\n<p><strong>&#8212; febrero, Canad\u00e1<\/strong><\/p>\n<p>El gobierno de Canad\u00e1, que celebra el vig\u00e9simo aniversario del <em>Black History Month<\/em> este a\u00f1o, dice en <a href=\"http:\/\/www.cic.gc.ca\/english\/multiculturalism\/black\/\">su sitio oficial<\/a>:<\/p>\n<blockquote><p>Every year, Canadians are invited to participate in Black History Month festivities and events that honour the legacy of black Canadians, past and present. Canadians take this time to celebrate the many achievements and contributions of black Canadians who, throughout history, have done so much to make Canada the culturally diverse, compassionate and prosperous nation it is today.<\/p><\/blockquote>\n<p>El mes de febrero se reconoci\u00f3 oficialmente tras <a href=\"http:\/\/www.cic.gc.ca\/english\/multiculturalism\/black\/motion.asp\">la propuesta de Jean Augustine<\/a>, la primera mujer afrocanadiense en ser elegida al parlamento de Canad\u00e1.<\/p>\n<hr \/>\n<h6>Mes de la herencia africana<\/h6>\n<p><strong>&#8212; abril, Honduras<\/strong><\/p>\n<p><a href=\"http:\/\/dinafroh.sedis.gob.hn\/noticias\/22-honduras-conmemora-el-mes-de-la-herencia-africana\">La Secretar\u00eda de Pueblos Ind\u00edgenas y Afrohondure\u00f1os<\/a> dice:<\/p>\n<blockquote><p>Honduras inicia este martes 1 de abril, el Mes de la Herencia Africana, en atenci\u00f3n del decreto 330-2002 que exhorta a la celebraci\u00f3n de jornadas culturales de diversa \u00edndole para dar a conocer las riquezas de la cultura africana y su contribuci\u00f3n al desarrollo nacional&#8230;<\/p>\n<p>En Honduras existen dos poblaciones denominados afrodescendientes; los gar\u00edfunas que habitan mayormente en la franja costera del norte y los afrodescendientes de lengua inglesa que moran en el departamento de Islas de la Bah\u00eda. Estos grupos constituyen parte esencial de la hondure\u00f1idad.\n<\/p><\/blockquote>\n<hr \/>\n<h6>Mes de la afrodescendencia \/ D\u00eda de la afrovenezolanidad<\/h6>\n<p><strong>&#8212; mayo \/ 10 de mayo, Venezuela<\/strong><\/p>\n<p>La Embajada de la Rep\u00fablica Bolivariana de Venezuela en Estados Unidos explica en <a href=\"http:\/\/eeuu.embajada.gob.ve\/index.php?option=com_docman&#038;task=doc_download&#038;gid=43&#038;Itemid=97&#038;lang=es\">un comunicado de prensa<\/a>:<\/p>\n<blockquote><p>Venezuela celebra en mayo el Mes de la afrodescendencia y el 10 de mayo se conoce como el D\u00eda de la afrovenezolanidad. Estas celebraciones, de reciente creaci\u00f3n, en 2005, son una oportunidad para rendir homenaje a los h\u00e9roes venezolanos como el l\u00edder revolucionario negro Jos\u00e9 Leonardo Chirino, y en honor a las contribuciones de la gran la comunidad Afrodescendiente existente en Venezuela hoy en d\u00eda.<\/p><\/blockquote>\n<p>Carlos Marr\u00f3n Echenique, en <a href=\"http:\/\/www.avn.info.ve\/contenido\/conmemoraci%C3%B3n-del-d%C3%ADa-afrovenezolanidad-reafirma-venezuela-como-pa%C3%ADs-multi%C3%A9tnico\">un art\u00edculo de la Agencia Venezolana de Noticias<\/a>, a\u00f1ade:<\/p>\n<blockquote><p>La conmemoraci\u00f3n del D\u00eda de la Afrovenezolanidad es una forma de reafirmarnos como un pa\u00eds multi\u00e9tnico, afrodescendiente, en el que es importante impulsar el estudio y la profundizaci\u00f3n de los valores ancestrales<\/p><\/blockquote>\n<hr \/>\n<h6>Mes de la Herencia Africana \/ D\u00eda Nacional de la Afrocolombianidad<\/h6>\n<p><strong>&#8212; mayo \/ 21 de mayo, Colombia<\/strong><\/p>\n<p>El D\u00eda Nacional de la Afrocolombianidad se estableci\u00f3 en 2001, como explica <a href=\"http:\/\/www.mineducacion.gov.co\/cvn\/1665\/w3-article-322683.html\">el Ministerio de Cultura<\/a>:<\/p>\n<blockquote><p>Se aprob\u00f3 <a href=\"http:\/\/www.icbf.gov.co\/cargues\/avance\/docs\/ley_0725_2001.htm\">la Ley 725 de 2001<\/a> que estableci\u00f3 el 21 de mayo como la fecha en la que el pa\u00eds conmemora el &#8220;D\u00eda Nacional de la Afrocolombianidad&#8221;, en homenaje a los 150 a\u00f1os de abolici\u00f3n de la esclavitud.\n<\/p><\/blockquote>\n<p>Diez a\u00f1os m\u00e1s tarde en 2011 se estableci\u00f3 el Mes de la Herencia Africana:<\/p>\n<blockquote><p><a href=\"http:\/\/www.icbf.gov.co\/cargues\/avance\/docs\/resolucion_mincultura_0740_2011.htm\">La resoluci\u00f3n 0740 de 2011<\/a> del Ministerio de Cultura resolvi\u00f3 la declaraci\u00f3n del mes de mayo como el Mes de la Herencia Africana. El objetivo de esta conmemoraci\u00f3n es aportar a la visibilizaci\u00f3n y el reconocimiento del aporte de las comunidades Negras, Afrocolombianas, Palenqueras y Raizales a la sociedad colombiana, como elemento significativo de multiculturalidad de nuestro pa\u00eds.<\/p><\/blockquote>\n<div class=\"video-container\">\n<div data-fullscreen=\"disabled\" data-mode=\"normal\" data-oembed=\"1\" data-provider=\"youtube\" data-reset-after-played id=\"arve-youtube-hmihbznuvvy\" style=\"max-width:1100px;\" class=\"arve\">\n<div class=\"arve-inner\">\n<div style=\"aspect-ratio:500\/281\" class=\"arve-embed arve-embed--has-aspect-ratio\">\n<div class=\"arve-ar\" style=\"padding-top:56.200000%\"><\/div>\n<p>\t\t\t<iframe allow=\"accelerometer &apos;none&apos;;autoplay &apos;none&apos;;bluetooth &apos;none&apos;;browsing-topics &apos;none&apos;;camera &apos;none&apos;;clipboard-read &apos;none&apos;;clipboard-write;display-capture &apos;none&apos;;encrypted-media &apos;none&apos;;gamepad &apos;none&apos;;geolocation &apos;none&apos;;gyroscope &apos;none&apos;;hid &apos;none&apos;;identity-credentials-get &apos;none&apos;;idle-detection &apos;none&apos;;keyboard-map &apos;none&apos;;local-fonts;magnetometer &apos;none&apos;;microphone &apos;none&apos;;midi &apos;none&apos;;otp-credentials &apos;none&apos;;payment &apos;none&apos;;picture-in-picture;publickey-credentials-create &apos;none&apos;;publickey-credentials-get &apos;none&apos;;screen-wake-lock &apos;none&apos;;serial &apos;none&apos;;summarizer &apos;none&apos;;sync-xhr;usb &apos;none&apos;;web-share;window-management &apos;none&apos;;xr-spatial-tracking &apos;none&apos;;\" allowfullscreen=\"\" class=\"arve-iframe fitvidsignore\" credentialless data-arve=\"arve-youtube-hmihbznuvvy\" data-lenis-prevent=\"\" data-src-no-ap=\"https:\/\/www.youtube-nocookie.com\/embed\/hmIhbZnuVVY?feature=oembed&#038;wmode=opaque&amp;iv_load_policy=3&amp;modestbranding=1&amp;rel=0&amp;autohide=1&amp;playsinline=0&amp;autoplay=0&amp;enablejsapi=1\" frameborder=\"0\" height=\"618.2\" loading=\"lazy\" name=\"\" referrerpolicy=\"strict-origin-when-cross-origin\" sandbox=\"allow-scripts allow-same-origin allow-presentation allow-popups allow-popups-to-escape-sandbox\" scrolling=\"no\" src=\"https:\/\/www.youtube-nocookie.com\/embed\/hmIhbZnuVVY?feature=oembed&#038;wmode=opaque&#038;iv_load_policy=3&#038;modestbranding=1&#038;rel=0&#038;autohide=1&#038;playsinline=0&#038;autoplay=0&#038;enablejsapi=1\" title=\"Promocional Mayo Mes de la Herencia Africana\" width=\"1100\"><\/iframe><\/p><\/div>\n<\/p><\/div>\n<p>\t<script type=\"application\/ld+json\">{\"@context\":\"http:\\\/\\\/schema.org\\\/\",\"@id\":\"https:\\\/\\\/zachary-jones.com\\\/zambombazo\\\/afrodescendientes-companeros-en-el-reino-de-la-cultura\\\/#arve-youtube-hmihbznuvvy\",\"type\":\"VideoObject\",\"embedURL\":\"https:\\\/\\\/www.youtube-nocookie.com\\\/embed\\\/hmIhbZnuVVY?feature=oembed&wmode=opaque&iv_load_policy=3&modestbranding=1&rel=0&autohide=1&playsinline=0&autoplay=0&enablejsapi=1\",\"name\":\"Promocional Mayo Mes de la Herencia Africana\",\"thumbnailUrl\":\"https:\\\/\\\/i.ytimg.com\\\/vi\\\/hmIhbZnuVVY\\\/hqdefault.jpg\",\"uploadDate\":\"2026-04-30T04:21:10-04:00\",\"author\":\"Ministerio de las Culturas las Artes y los Saberes\",\"description\":\"Estados Unidos celebra en febrero el Black History Month. Los fundadores de este mes, la Asociaci\\u00f3n para el Estudio de la Vida y la Historia Afroestadounidenses, afirman en la declaraci\\u00f3n de objetivos de la organizaci\\u00f3n: Established on September 9, 1915 by Dr. Carter G. Woodson, we are the Founders\"}<\/script><\/p>\n<\/div>\n<\/div>\n<hr \/>\n<h6>Mes \/ D\u00eda de la Etnia Negra de Panam\u00e1<\/h6>\n<p><strong>&#8212; mayo \/ 30 de mayo, Panam\u00e1<\/strong><\/p>\n<p><a href=\"http:\/\/www.educapanama.edu.pa\/?q=informate\/dia-nacional-de-la-etnia-negra\">El Ministerio de Educaci\u00f3n de Panam\u00e1<\/a> explica el objetivo de este d\u00eda:<\/p>\n<blockquote><p>\nEn Panam\u00e1 el Gobierno nacional instituy\u00f3 el 30 de mayo de cada a\u00f1o como el D\u00eda de la Etnia Negra Nacional, con la finalidad de rendir tributo a hombres y mujeres de este importante grupo racial quienes sin duda alguna han contribuido al engrandecimiento de nuestra patria&#8230; La comunidad negra ha contribuido de manera trascendental y significativa en la historia, desarrollo y crecimiento del pa\u00eds, han engrandecido nuestra cultura y gastronom\u00eda, formando parte importante de nuestra identidad nacional.<\/p>\n<p>Esta iniciativa se inspir\u00f3 en la memorable cruzada realizada por un grupo de negros en 1820 en la Asamblea Nacional de Francia, que motiv\u00f3 que el rey de Espa\u00f1a, Fernando VII, declarara abolido el comercio esclavista en su pa\u00eds y en todas sus colonias.\n<\/p><\/blockquote>\n<p>El mes de mayo se conmemora el Mes de la Etnia Negra, como comenta el Dr. Alberto Barrow en este video de Participaci\u00f3n Ciudadana.<\/p>\n<div class=\"video-container\">\n<div data-fullscreen=\"disabled\" data-mode=\"normal\" data-oembed=\"1\" data-provider=\"youtube\" data-reset-after-played id=\"arve-youtube-rrbk4gfacrg\" style=\"max-width:1100px;\" class=\"arve\">\n<div class=\"arve-inner\">\n<div style=\"aspect-ratio:500\/281\" class=\"arve-embed arve-embed--has-aspect-ratio\">\n<div class=\"arve-ar\" style=\"padding-top:56.200000%\"><\/div>\n<p>\t\t\t<iframe allow=\"accelerometer &apos;none&apos;;autoplay &apos;none&apos;;bluetooth &apos;none&apos;;browsing-topics &apos;none&apos;;camera &apos;none&apos;;clipboard-read &apos;none&apos;;clipboard-write;display-capture &apos;none&apos;;encrypted-media &apos;none&apos;;gamepad &apos;none&apos;;geolocation &apos;none&apos;;gyroscope &apos;none&apos;;hid &apos;none&apos;;identity-credentials-get &apos;none&apos;;idle-detection &apos;none&apos;;keyboard-map &apos;none&apos;;local-fonts;magnetometer &apos;none&apos;;microphone &apos;none&apos;;midi &apos;none&apos;;otp-credentials &apos;none&apos;;payment &apos;none&apos;;picture-in-picture;publickey-credentials-create &apos;none&apos;;publickey-credentials-get &apos;none&apos;;screen-wake-lock &apos;none&apos;;serial &apos;none&apos;;summarizer &apos;none&apos;;sync-xhr;usb &apos;none&apos;;web-share;window-management &apos;none&apos;;xr-spatial-tracking &apos;none&apos;;\" allowfullscreen=\"\" class=\"arve-iframe fitvidsignore\" credentialless data-arve=\"arve-youtube-rrbk4gfacrg\" data-lenis-prevent=\"\" data-src-no-ap=\"https:\/\/www.youtube-nocookie.com\/embed\/rRbk4gFacRg?feature=oembed&#038;wmode=opaque&amp;iv_load_policy=3&amp;modestbranding=1&amp;rel=0&amp;autohide=1&amp;playsinline=0&amp;autoplay=0&amp;enablejsapi=1\" frameborder=\"0\" height=\"618.2\" loading=\"lazy\" name=\"\" referrerpolicy=\"strict-origin-when-cross-origin\" sandbox=\"allow-scripts allow-same-origin allow-presentation allow-popups allow-popups-to-escape-sandbox\" scrolling=\"no\" src=\"https:\/\/www.youtube-nocookie.com\/embed\/rRbk4gFacRg?feature=oembed&#038;wmode=opaque&#038;iv_load_policy=3&#038;modestbranding=1&#038;rel=0&#038;autohide=1&#038;playsinline=0&#038;autoplay=0&#038;enablejsapi=1\" title=\"Mes de la Etnia Negra en Panama\u0301\" width=\"1100\"><\/iframe><\/p><\/div>\n<\/p><\/div>\n<p>\t<script type=\"application\/ld+json\">{\"@context\":\"http:\\\/\\\/schema.org\\\/\",\"@id\":\"https:\\\/\\\/zachary-jones.com\\\/zambombazo\\\/afrodescendientes-companeros-en-el-reino-de-la-cultura\\\/#arve-youtube-rrbk4gfacrg\",\"type\":\"VideoObject\",\"embedURL\":\"https:\\\/\\\/www.youtube-nocookie.com\\\/embed\\\/rRbk4gFacRg?feature=oembed&wmode=opaque&iv_load_policy=3&modestbranding=1&rel=0&autohide=1&playsinline=0&autoplay=0&enablejsapi=1\",\"name\":\"Mes de la Etnia Negra en Panama\\u0301\",\"thumbnailUrl\":\"https:\\\/\\\/i.ytimg.com\\\/vi\\\/rRbk4gFacRg\\\/hqdefault.jpg\",\"uploadDate\":\"2026-04-30T04:21:10-04:00\",\"author\":\"ParticipaPanama\",\"description\":\"Estados Unidos celebra en febrero el Black History Month. Los fundadores de este mes, la Asociaci\\u00f3n para el Estudio de la Vida y la Historia Afroestadounidenses, afirman en la declaraci\\u00f3n de objetivos de la organizaci\\u00f3n: Established on September 9, 1915 by Dr. Carter G. Woodson, we are the Founders\"}<\/script><\/p>\n<\/div>\n<\/div>\n<hr \/>\n<h6>National Caribbean-American Heritage Month<\/h6>\n<p><strong>&#8212; junio, Estados Unidos<\/strong><\/p>\n<p><a href=\"http:\/\/iipdigital.usembassy.gov\/st\/spanish\/texttrans\/2010\/06\/20100601180726flsemet0.2635157.html\">La proclama presidencial emitida en 2010<\/a> explica el objetivo de este mes conmemorativo que se celebra oficialmente desde el 2006:<\/p>\n<blockquote><p>Durante el Mes Nacional de la Herencia Caribe\u00f1a-Estadounidense, rendimos homenaje a las diversas culturas e incontables contribuciones de todos los estadounidenses que tienen su origen en la regi\u00f3n del Caribe&#8230; Este mes celebramos el triunfo de los estadounidenses de origen caribe\u00f1o, una diversa comunidad que abarca numerosas nacionalidades e idiomas.\n<\/p><\/blockquote>\n<p>Claire Nelson, presidente del Instituto de Estudios del Caribe, escribi\u00f3 sobre estos v\u00ednculos en <a href=\"https:\/\/www.whitehouse.gov\/blog\/2012\/07\/27\/cultivating-caribbean-american-community\">el blog de whitehouse.gov<\/a> en 2012 :<\/p>\n<blockquote><p>It has been seven years since the official recognition by the US Congress and the White House of June as National Caribbean American Heritage Month (NCAHM), chalking up another milestone in Caribbean American History&#8230; Caribbean immigrants have been a part of America\u2019s intelligentsia and intellectual tradition &#8212; John Russworm, a Jamaican, started the first black newspaper, and the Harlem Renaissance can count among its leaders many of Caribbean ancestry, such as J.A. Rogers, Claude McKay, and Marcus Garvey. The history and the destinies of the Caribbean and the USA are inextricably linked.<\/p><\/blockquote>\n<hr \/>\n<h6>Mes \/ D\u00eda de la Cultura Afroperuana<\/h6>\n<p><strong>&#8212; junio \/ 4 de junio, Per\u00fa<\/strong><\/p>\n<p><a href=\"http:\/\/poblacionafroperuana.cultura.pe\/mes-de-la-cultura-afroperuana\">La Direcci\u00f3n de pol\u00edticas para poblaci\u00f3n afroperuana<\/a> anuncia estas fechas as\u00ed:<\/p>\n<blockquote><p>En el a\u00f1o 2006 el Congreso de la Rep\u00fablica declar\u00f3 el 04 de junio de cada a\u00f1o como el d\u00eda de la cultura afroperuana, a trav\u00e9s de la ley N\u00b0 28761, en reconocimiento a los aportes de la poblaci\u00f3n afroperuana en la construcci\u00f3n de la naci\u00f3n y su contribuci\u00f3n actual en los aspectos econ\u00f3mico, social, cient\u00edfico, cultural, religioso y art\u00edstico de nuestro pa\u00eds&#8230; el Ministerio de Cultura declar\u00f3 Junio como el Mes de la Cultura afroperuana, a trav\u00e9s de la Resoluci\u00f3n N\u00b0182-2014-MC [en 2014].<\/p><\/blockquote>\n<hr \/>\n<h6>D\u00eda Internacional de la mujer afrodescendiente<\/h6>\n<p><strong>&#8212; 25 de julio, Internacional<\/strong><\/p>\n<p>El 25 de julio se celebra el D\u00eda Internacional de la mujer afrodescendiente. El a\u00f1o pasado la Red de Mujeres Afrolatinoamericanas, Afrocaribe\u00f1as y de la Di\u00e1spora public\u00f3 <a href=\"http:\/\/www.mujeresafro.org\/index.php?option=com_content&#038;view=article&#038;id=593:2015-07-24-15-39-01&#038;catid=2:ultimas-noticias&#038;Itemid=12\">este comunicado<\/a> que explica su origen y sus objetivos:<\/p>\n<blockquote><p>A 23 a\u00f1os de aquel I Encuentro de Mujeres Afrodescendientes celebrado en Rep\u00fablica Dominicana en 1992, hoy nuevamente como cada 25 de julio celebramos el D\u00eda de las mujeres Afrodescendientes en Am\u00e9rica Latina y El Caribe&#8230;<\/p>\n<p>Mantenemos el objetivo de articular los esfuerzos en el continente, a fin de enfrentar el racismo y el sexismo, visibilizando la situaci\u00f3n de marginalidad en que viven millones de mujeres afrodescendientes a causa de la discriminaci\u00f3n por razones de raza y g\u00e9nero.\n<\/p><\/blockquote>\n<hr \/>\n<h6>D\u00eda de la Persona Negra y la Cultura Afrocostarricense<\/h6>\n<p><strong>&#8212; 31 de agosto, Costa Rica<\/strong><\/p>\n<p>El D\u00eda de la Persona Negra y la Cultura Afrocostarricense se celebra el 31 de agosto, como aclara la <a href=\"http:\/\/www.poder-judicial.go.cr\/accesoalajusticia\/index.php\/noticias\/196-dia-de-la-persona-negra-y-la-cultura-afrocostarricense\">Comisi\u00f3n de Acceso a la Justicia<\/a> de Costa Rica:<\/p>\n<blockquote><p>Originalmente denominado &#8220;D\u00eda del Negro y la Cultura Afrocostarricense&#8221;, el nombre de esta conmemoraci\u00f3n fue modificado en 2011 mediante la Ley N\u00b0 8938, incorpor\u00e1ndose el uso de lenguaje inclusivo pas\u00f3 a denominarse: &#8220;D\u00eda de la Persona Negra y la Cultura Afrocostarricense&#8221; En esta fecha se realiza un reconocimiento al aporte cultural de las personas afrodescendientes, sus tradiciones y la lucha por la reivindicaci\u00f3n de sus derechos.<\/p><\/blockquote>\n<hr \/>\n<h6>D\u00eda Nacional del Pueblo Afroecuatoriano<\/h6>\n<p><strong>&#8212; primer domingo de octubre, Ecuador<\/strong><\/p>\n<p><a href=\"http:\/\/www.asambleanacional.gob.ec\/es\/noticia\/proximo_domingo_se_conmemorara_dia_nacional_del_pueblo_afroecuatoriano\">La Asamblea Nacional del Ecuador<\/a> explica el origen este d\u00eda nacional:<\/p>\n<blockquote><p>El 2 de octubre de 1997 se decret\u00f3 que el primer domingo del mes de octubre se celebrar\u00e1 el D\u00eda Nacional del Pueblo Afroecuatoriano y adem\u00e1s se reconoci\u00f3 y elev\u00f3 a la categor\u00eda de h\u00e9roe negro a Alonso Illescas.\n<\/p><\/blockquote>\n<p><a href=\"http:\/\/www.defensoria.gob.ec\/index.php\/noticias\/item\/679-la-defensoria-publica-celebra-el-mes-de-la-afroecuatorianidad\">La Defensor\u00eda P\u00fablica del Ecuador<\/a> a\u00f1ade que recientemente se ha expandido para abarcar todo el mes, como el Mes de la afroecuatorianidad:<\/p>\n<blockquote><p>Desde 1997, el primer domingo de octubre se celebra el D\u00eda del pueblo afroecuatoriano. Y, desde hace algunos a\u00f1os, las organizaciones y movimientos sociales realizan eventos durante todo el mes para que el p\u00fablico pueda apreciar la riqueza cultural, gastron\u00f3mica, musical y la herencia del pueblo afroecuatoriano.\n<\/p><\/blockquote>\n<hr \/>\n<h6>D\u00eda Nacional de los\/as afroargentinos\/as y de la cultura afro<\/h6>\n<p><strong>&#8212; 8 de noviembre, Argentina<\/strong><\/p>\n<p><a href=\"http:\/\/www.jus.gob.ar\/derechoshumanos\/areas-tematicas\/afrodescendiente\/8-de-noviembre,-dia-nacional.aspx\">La Secretar\u00eda de Derechos Humanos de la Argentina<\/a> explica el origen de este d\u00eda nacional muy reciente:<\/p>\n<blockquote><p>El 24 de abril de 2013 se aprob\u00f3 en el Senado el proyecto de ley que instituye al 8 de noviembre como el &#8220;D\u00eda Nacional de las\/los Afroargentinas\/os y de la Cultura Afro&#8221;.<\/p><\/blockquote>\n<p>Esta ley, la <a href=\"http:\/\/www.infoleg.gob.ar\/infolegInternet\/anexos\/210000-214999\/214825\/norma.htm\">Ley 26.852<\/a>, rinde homenaje a Mar\u00eda Remedios del Valle y encomienda: <\/p>\n<blockquote><p>la incorporaci\u00f3n a los contenidos curriculares del sistema educativo, en sus distintos niveles y modalidades, la conmemoraci\u00f3n de dicho d\u00eda y la promoci\u00f3n de la cultura afro&#8230;  la conmemoraci\u00f3n del \u201cD\u00eda Nacional de los\/as afroargentinos\/as y de la cultura afro\u201d a trav\u00e9s de pol\u00edticas p\u00fablicas que visibilicen y apoyen a la cultura afro en sus distintas disciplinas.<\/p><\/blockquote>\n<p>Este video del Ministerio de Cultura de la Naci\u00f3n incluye varios comentarios sobre la invisilibizaci\u00f3n de la comunidad afroargentina.<\/p>\n<div class=\"video-container\">\n<div data-fullscreen=\"disabled\" data-mode=\"normal\" data-oembed=\"1\" data-provider=\"youtube\" data-reset-after-played id=\"arve-youtube-umqysnghyv0\" style=\"max-width:1100px;\" class=\"arve\">\n<div class=\"arve-inner\">\n<div style=\"aspect-ratio:500\/281\" class=\"arve-embed arve-embed--has-aspect-ratio\">\n<div class=\"arve-ar\" style=\"padding-top:56.200000%\"><\/div>\n<p>\t\t\t<iframe allow=\"accelerometer &apos;none&apos;;autoplay &apos;none&apos;;bluetooth &apos;none&apos;;browsing-topics &apos;none&apos;;camera &apos;none&apos;;clipboard-read &apos;none&apos;;clipboard-write;display-capture &apos;none&apos;;encrypted-media &apos;none&apos;;gamepad &apos;none&apos;;geolocation &apos;none&apos;;gyroscope &apos;none&apos;;hid &apos;none&apos;;identity-credentials-get &apos;none&apos;;idle-detection &apos;none&apos;;keyboard-map &apos;none&apos;;local-fonts;magnetometer &apos;none&apos;;microphone &apos;none&apos;;midi &apos;none&apos;;otp-credentials &apos;none&apos;;payment &apos;none&apos;;picture-in-picture;publickey-credentials-create &apos;none&apos;;publickey-credentials-get &apos;none&apos;;screen-wake-lock &apos;none&apos;;serial &apos;none&apos;;summarizer &apos;none&apos;;sync-xhr;usb &apos;none&apos;;web-share;window-management &apos;none&apos;;xr-spatial-tracking &apos;none&apos;;\" allowfullscreen=\"\" class=\"arve-iframe fitvidsignore\" credentialless data-arve=\"arve-youtube-umqysnghyv0\" data-lenis-prevent=\"\" data-src-no-ap=\"https:\/\/www.youtube-nocookie.com\/embed\/umqysNGHYv0?feature=oembed&#038;wmode=opaque&amp;iv_load_policy=3&amp;modestbranding=1&amp;rel=0&amp;autohide=1&amp;playsinline=0&amp;autoplay=0&amp;enablejsapi=1\" frameborder=\"0\" height=\"618.2\" loading=\"lazy\" name=\"\" referrerpolicy=\"strict-origin-when-cross-origin\" sandbox=\"allow-scripts allow-same-origin allow-presentation allow-popups allow-popups-to-escape-sandbox\" scrolling=\"no\" src=\"https:\/\/www.youtube-nocookie.com\/embed\/umqysNGHYv0?feature=oembed&#038;wmode=opaque&#038;iv_load_policy=3&#038;modestbranding=1&#038;rel=0&#038;autohide=1&#038;playsinline=0&#038;autoplay=0&#038;enablejsapi=1\" title=\"D\u00eda Nacional de los Afroargentinos\" width=\"1100\"><\/iframe><\/p><\/div>\n<\/p><\/div>\n<p>\t<script type=\"application\/ld+json\">{\"@context\":\"http:\\\/\\\/schema.org\\\/\",\"@id\":\"https:\\\/\\\/zachary-jones.com\\\/zambombazo\\\/afrodescendientes-companeros-en-el-reino-de-la-cultura\\\/#arve-youtube-umqysnghyv0\",\"type\":\"VideoObject\",\"embedURL\":\"https:\\\/\\\/www.youtube-nocookie.com\\\/embed\\\/umqysNGHYv0?feature=oembed&wmode=opaque&iv_load_policy=3&modestbranding=1&rel=0&autohide=1&playsinline=0&autoplay=0&enablejsapi=1\",\"name\":\"D\\u00eda Nacional de los Afroargentinos\",\"thumbnailUrl\":\"https:\\\/\\\/i.ytimg.com\\\/vi\\\/umqysNGHYv0\\\/hqdefault.jpg\",\"uploadDate\":\"2026-04-30T04:21:11-04:00\",\"author\":\"Ministerio de Cultura de la Naci\\u00f3n\",\"description\":\"Estados Unidos celebra en febrero el Black History Month. Los fundadores de este mes, la Asociaci\\u00f3n para el Estudio de la Vida y la Historia Afroestadounidenses, afirman en la declaraci\\u00f3n de objetivos de la organizaci\\u00f3n: Established on September 9, 1915 by Dr. Carter G. Woodson, we are the Founders\"}<\/script><\/p>\n<\/div>\n<\/div>\n<hr \/>\n<h6>D\u00eda Nacional Gar\u00edfuna<\/h6>\n<p><strong>&#8212; 19 de noviembre, Nicaragua<\/strong><\/p>\n<p>La Asamblea Nacional de la Rep\u00fablica de Nicaragua, a trav\u00e9s del <a href=\"http:\/\/legislacion.asamblea.gob.ni\/normaweb.nsf\/%28$All%29\/173AB91225AA17820625755F007AE81F?OpenDocument\">Decreto No. 37<\/a>, declar\u00f3 en 2006:<\/p>\n<blockquote><p>El d\u00eda 19 de noviembre de cada a\u00f1o, \u201cD\u00eda Nacional Gar\u00edfuna\u201d, a fin de que se difunda entre los nicarag\u00fcenses la expresi\u00f3n y preservaci\u00f3n de la lengua, arte, cultura y valores del pueblo Gar\u00edfuna de Nicaragua.\n<\/p><\/blockquote>\n<hr \/>\n<h6>Garifuna Settlement Day<\/h6>\n<p><strong>&#8212; 19 de noviembre, Belice<\/strong><\/p>\n<p>Belice tambi\u00e9n conmemora este d\u00eda nacional desde 1977, seg\u00fan la NGC (<a href=\"http:\/\/ngcbelize.org\/content\/view\/16\/142\/\">National Garifuna Council<\/a>):<\/p>\n<blockquote><p>The most important day in the Garifuna calender is November 19. On this day, Garifuna Settlement Day, the arrival of the first Garinagu to Belize by dory (dug-out canoe) is celebrated in all Garifuna communities in the country. <\/p><\/blockquote>\n<hr \/>\n<h6>Dia da Consci\u00eancia Negra<\/h6>\n<p><strong>&#8212; 20 de noviembre, Brasil<\/strong><\/p>\n<p>El D\u00eda de la Conciencia Negra se estableci\u00f3 en la <a href=\"http:\/\/www.planalto.gov.br\/ccivil_03\/leis\/2003\/L10.639.htm\"><em>Lei n\u00ba 10.639<\/em><\/a> en 2003, enfatizando la ense\u00f1anza sobre la historia y la cultura afrobrasile\u00f1a:<\/p>\n<blockquote><p>Nos estabelecimentos de ensino fundamental e m\u00e9dio, oficiais e particulares, torna-se obrigat\u00f3rio o ensino sobre Hist\u00f3ria e Cultura Afro-Brasileira&#8230; incluir\u00e1 o estudo da Hist\u00f3ria da \u00c1frica e dos Africanos, a luta dos negros no Brasil, a cultura negra brasileira e o negro na forma\u00e7\u00e3o da sociedade nacional, resgatando a contribui\u00e7\u00e3o do povo negro nas \u00e1reas social, econ\u00f4mica e pol\u00edtica pertinentes \u00e0 Hist\u00f3ria do Brasil.<\/p><\/blockquote>\n<p>Se oficializ\u00f3 como feriado nacional en 2011 a trav\u00e9s de la <a href=\"http:\/\/www.planalto.gov.br\/ccivil_03\/_Ato2011-2014\/2011\/Lei\/L12519.htm\"><em>Lei n\u00ba 12.519<\/em><\/a>:<\/p>\n<blockquote><p>\u00c9 institu\u00eddo o Dia Nacional de Zumbi e da Consci\u00eancia Negra, a ser comemorado, anualmente, no dia 20 de novembro, data do falecimento do l\u00edder negro Zumbi dos Palmares.<\/p><\/blockquote>\n<hr \/>\n<h6>D\u00eda Nacional del Pueblo Gar\u00edfuna<\/h6>\n<p><strong>&#8212; 26 de noviembre, Guatemala<\/strong><\/p>\n<p><a href=\"http:\/\/mcd.gob.gt\/cultura-garifuna-conmemora-fecha-de-arribo-a-guatemala\/\">El Ministerio de Cultura y Deportes de Guatemala<\/a> anuncia este d\u00eda as\u00ed:<\/p>\n<blockquote><p>Cada 26 de noviembre se celebra el D\u00eda Nacional del Pueblo Gar\u00edfuna, con una serie de actividades promovidas por el Ministerio de Cultura y Deportes a trav\u00e9s de la Direcci\u00f3n de Desarrollo Cultural y Fortalecimiento de las Culturas&#8230; Esta actividad se ha realizado en esta fecha desde 1996 despu\u00e9s de la firma de la Paz seg\u00fan el acuerdo 83-96 del Congreso de la Rep\u00fablica para conmemorar la llegada de los gar\u00edfunas a tierras guatemaltecas.<\/p><\/blockquote>\n<hr \/>\n<h6>D\u00eda del Candombe, la Cultura Afrouruguaya y la Equidad Racial<\/h6>\n<p><strong>&#8212; 3 de diciembre, Uruguay<\/strong><\/p>\n<p><a href=\"https:\/\/www.presidencia.gub.uy\/comunicacion\/comunicacionnoticias\/dia-nacional-candombe-cultura-afrouruguaya-equidad-racial\">La Presidencia de la Republica<\/a> explica el origen de este d\u00eda nacional, organizado por la Casa de la Cultura Afrouruguaya y realizada desde el a\u00f1o 2006:<\/p>\n<blockquote><p>El 3 de diciembre es considerado el D\u00eda Nacional del Candombe, la Cultura Afrouruguaya y la Equidad Racial&#8230; consagrado por la <a href=\"http:\/\/casaafrouruguaya.org\/index.php\/afrouruguayos\/leyes\/416-04\">Ley N\u00ba 18.059<\/a> que, a su vez, declara de inter\u00e9s nacional la iniciativa que establece el compromiso del Estado en el desarrollo de pol\u00edticas que promuevan los principios de valoraci\u00f3n del aporte afrouruguayo y la promoci\u00f3n de la equidad racial. <\/p><\/blockquote>\n<hr \/>\n<h6>Decenio Internacional de los Afrodescendientes<\/h6>\n<p><strong>&#8212; 2015-2024, Internacional<\/strong><\/p>\n<p>Decenio Internacional de los Afrodescendientes anuncia los siguientes <a href=\"http:\/\/www.un.org\/es\/events\/africandescentdecade\/plan-action.shtml\">tres objetivos principales<\/a>:<\/p>\n<blockquote><p>Promover el respeto, la protecci\u00f3n y la realizaci\u00f3n de todos los derechos humanos y libertades fundamentales de los afrodescendientes, como se reconoce en la Declaraci\u00f3n Universal de Derechos Humanos Universal;<\/p>\n<p>Promover un mayor conocimiento y respeto de la diversidad de la herencia y la cultura de los afrodescendientes y de su contribuci\u00f3n al desarrollo de las sociedades;<\/p>\n<p>Aprobar y fortalecer marcos jur\u00eddicos nacionales, regionales e internacionales de conformidad con la Declaraci\u00f3n y el Programa de Acci\u00f3n de Durban y la Convenci\u00f3n Internacional sobre la Eliminaci\u00f3n de todas las Formas de Discriminaci\u00f3n Racial, y asegurar su aplicaci\u00f3n plena y efectiva.\n<\/p><\/blockquote>\n<p>El tema del Decenio es &#8220;Afrodescendientes: <a href=\"http:\/\/www.un.org\/es\/events\/africandescentdecade\/recognition.shtml\">reconocimiento<\/a>, <a href=\"http:\/\/www.un.org\/es\/events\/africandescentdecade\/justice.shtml\">justicia<\/a> y <a href=\"http:\/\/www.un.org\/es\/events\/africandescentdecade\/development.shtml\">desarrollo<\/a>&#8220;, como se ve al final de este video promocional realizado por la Casa Presidencial de la Rep\u00fablica de Costa Rica.<\/p>\n<div class=\"video-container\">\n<div data-fullscreen=\"disabled\" data-mode=\"normal\" data-oembed=\"1\" data-provider=\"youtube\" data-reset-after-played id=\"arve-youtube-uvjltj4kglq\" style=\"max-width:1100px;\" class=\"arve\">\n<div class=\"arve-inner\">\n<div style=\"aspect-ratio:500\/281\" class=\"arve-embed arve-embed--has-aspect-ratio\">\n<div class=\"arve-ar\" style=\"padding-top:56.200000%\"><\/div>\n<p>\t\t\t<iframe allow=\"accelerometer &apos;none&apos;;autoplay &apos;none&apos;;bluetooth &apos;none&apos;;browsing-topics &apos;none&apos;;camera &apos;none&apos;;clipboard-read &apos;none&apos;;clipboard-write;display-capture &apos;none&apos;;encrypted-media &apos;none&apos;;gamepad &apos;none&apos;;geolocation &apos;none&apos;;gyroscope &apos;none&apos;;hid &apos;none&apos;;identity-credentials-get &apos;none&apos;;idle-detection &apos;none&apos;;keyboard-map &apos;none&apos;;local-fonts;magnetometer &apos;none&apos;;microphone &apos;none&apos;;midi &apos;none&apos;;otp-credentials &apos;none&apos;;payment &apos;none&apos;;picture-in-picture;publickey-credentials-create &apos;none&apos;;publickey-credentials-get &apos;none&apos;;screen-wake-lock &apos;none&apos;;serial &apos;none&apos;;summarizer &apos;none&apos;;sync-xhr;usb &apos;none&apos;;web-share;window-management &apos;none&apos;;xr-spatial-tracking &apos;none&apos;;\" allowfullscreen=\"\" class=\"arve-iframe fitvidsignore\" credentialless data-arve=\"arve-youtube-uvjltj4kglq\" data-lenis-prevent=\"\" data-src-no-ap=\"https:\/\/www.youtube-nocookie.com\/embed\/Uvjltj4kgLQ?feature=oembed&#038;wmode=opaque&amp;iv_load_policy=3&amp;modestbranding=1&amp;rel=0&amp;autohide=1&amp;playsinline=0&amp;autoplay=0&amp;enablejsapi=1\" frameborder=\"0\" height=\"618.2\" loading=\"lazy\" name=\"\" referrerpolicy=\"strict-origin-when-cross-origin\" sandbox=\"allow-scripts allow-same-origin allow-presentation allow-popups allow-popups-to-escape-sandbox\" scrolling=\"no\" src=\"https:\/\/www.youtube-nocookie.com\/embed\/Uvjltj4kgLQ?feature=oembed&#038;wmode=opaque&#038;iv_load_policy=3&#038;modestbranding=1&#038;rel=0&#038;autohide=1&#038;playsinline=0&#038;autoplay=0&#038;enablejsapi=1\" title=\"Yo tambi\u00e9n soy Afrodescendiente #Decenio\" width=\"1100\"><\/iframe><\/p><\/div>\n<\/p><\/div>\n<p>\t<script type=\"application\/ld+json\">{\"@context\":\"http:\\\/\\\/schema.org\\\/\",\"@id\":\"https:\\\/\\\/zachary-jones.com\\\/zambombazo\\\/afrodescendientes-companeros-en-el-reino-de-la-cultura\\\/#arve-youtube-uvjltj4kglq\",\"type\":\"VideoObject\",\"embedURL\":\"https:\\\/\\\/www.youtube-nocookie.com\\\/embed\\\/Uvjltj4kgLQ?feature=oembed&wmode=opaque&iv_load_policy=3&modestbranding=1&rel=0&autohide=1&playsinline=0&autoplay=0&enablejsapi=1\",\"name\":\"Yo tambi\\u00e9n soy Afrodescendiente #Decenio\",\"thumbnailUrl\":\"https:\\\/\\\/i.ytimg.com\\\/vi\\\/Uvjltj4kgLQ\\\/hqdefault.jpg\",\"uploadDate\":\"2026-04-30T04:21:11-04:00\",\"author\":\"Presidencia de la Rep\\u00fablica\",\"description\":\"Estados Unidos celebra en febrero el Black History Month. Los fundadores de este mes, la Asociaci\\u00f3n para el Estudio de la Vida y la Historia Afroestadounidenses, afirman en la declaraci\\u00f3n de objetivos de la organizaci\\u00f3n: Established on September 9, 1915 by Dr. Carter G. Woodson, we are the Founders\"}<\/script><\/p>\n<\/div>\n<\/div>\n<hr \/>\n<h6>Resumen: Celebraciones en homenaje a la cultura afrodescendiente<\/h6>\n<ul>\n<li>febrero &#8211; <em>National African American History Month<\/em> (Estados Unidos)<\/li>\n<li>febrero &#8211; <em>Black History Month<\/em> (Canad\u00e1)<\/li>\n<li>abril &#8211; Mes de la herencia africana (Honduras)<\/li>\n<li>mayo &#8211; Mes de la afrodescendencia<\/li>\n<li>10 de mayo &#8211; D\u00eda de la afrovenezolanidad<\/li>\n<li>mayo &#8211; Mes de la Herencia Africana (Colombia)<\/li>\n<li>21 de mayo &#8211; D\u00eda Nacional de la Afrocolombianidad<\/li>\n<li>mayo &#8211; Mes de la Etnia Negra de Panam\u00e1<\/li>\n<li>30 de mayo &#8211; D\u00eda de la Etnia Negra de Panam\u00e1<\/li>\n<li>junio &#8211; <em>National Caribbean-American Heritage Month<\/em> (Estados Unidos)<\/li>\n<li>junio &#8211; Mes de la Cultura Afroperuana<\/li>\n<li>4 de junio &#8211; D\u00eda de la Cultura Afroperuana<\/li>\n<li>25 de julio &#8211; D\u00eda Internacional de la mujer afrodescendiente<\/li>\n<li>31 de agosto &#8211; D\u00eda de la Persona Negra y la Cultura Afrocostarricense<\/li>\n<li>primer domingo de octubre &#8211; D\u00eda Nacional del Pueblo Afroecuatoriano<\/li>\n<li>8 de noviembre &#8211; D\u00eda Nacional de los\/as afroargentinos\/as y de la cultura afro<\/li>\n<li>19 de noviembre &#8211; D\u00eda Nacional Gar\u00edfuna (Nicaragua)<\/li>\n<li>19 de noviembre &#8211; <em>Garifuna Settlement Day<\/em> (Belice)<\/li>\n<li>20 de noviembre &#8211; <em>Dia da Consci\u00eancia Negra<\/em> (Brasil)<\/li>\n<li>26 de noviembre &#8211; D\u00eda Nacional del Pueblo Gar\u00edfuna (Guatemala)<\/li>\n<li>3 de diciembre &#8211; D\u00eda del Candombe, la Cultura Afrouruguaya y la Equidad Racial<\/li>\n<li>2015-2024 &#8211; Decenio Internacional de los Afrodescendientes<\/li>\n<\/ul>\n<h5>Unidad did\u00e1ctica relacionada<\/h5>\n<ul>\n<li><a href=\"https:\/\/zachary-jones.com\/zambombazo\/people-of-african-descent-in-latin-america\/\">La poblaci\u00f3n afrodescendiente de Am\u00e9rica Latina<\/a><\/li>\n<\/ul>\n","protected":false},"excerpt":{"rendered":"<p>\u00bfC\u00f3mo subrayan estas celebraciones el papel de los afrodescendientes como hacedores de la historia y compa\u00f1eros de trabajo en el reino de la cultura?<\/p>\n","protected":false},"author":4,"featured_media":102790,"comment_status":"closed","ping_status":"closed","sticky":false,"template":"","format":"standard","meta":{"pmpro_default_level":"","footnotes":""},"categories":[180],"tags":[519,9,240,270,269,360,17,20,25,26,357,33,825,851,37,769,774,861,532,48,52,976,55,773,78,79],"class_list":["post-102513","post","type-post","status-publish","format-standard","has-post-thumbnail","hentry","category-historia","tag-afrodescendiente","tag-argentina","tag-belice","tag-brasil","tag-canada","tag-candombe","tag-colombia","tag-costa-rica","tag-ecuador","tag-eeuu","tag-garifuna","tag-guatemala","tag-herencia","tag-historia-negra","tag-honduras","tag-identidades","tag-igualdad","tag-ingles","tag-mujer","tag-nicaragua","tag-panama","tag-personajes-historicos","tag-peru","tag-tradicion","tag-uruguay","tag-venezuela","pmpro-has-access"],"yoast_head":"<!-- This site is optimized with the Yoast SEO plugin v27.4 - https:\/\/yoast.com\/product\/yoast-seo-wordpress\/ -->\n<title>Afrodescendientes, compa\u00f1eros en el reino de la cultura<\/title>\n<meta name=\"description\" content=\"\u00bfC\u00f3mo subrayan estas celebraciones el papel de los afrodescendientes como hacedores de la historia y compa\u00f1eros de trabajo en el reino de la cultura?\" \/>\n<meta name=\"robots\" content=\"index, follow, max-snippet:-1, max-image-preview:large, max-video-preview:-1\" \/>\n<link rel=\"canonical\" href=\"https:\/\/zachary-jones.com\/zambombazo\/afrodescendientes-companeros-en-el-reino-de-la-cultura\/\" \/>\n<meta property=\"og:locale\" content=\"en_US\" \/>\n<meta property=\"og:type\" content=\"article\" \/>\n<meta property=\"og:title\" content=\"Afrodescendientes, compa\u00f1eros en el reino de la cultura\" \/>\n<meta property=\"og:description\" content=\"\u00bfC\u00f3mo subrayan estas celebraciones el papel de los afrodescendientes como hacedores de la historia y compa\u00f1eros de trabajo en el reino de la cultura?\" \/>\n<meta property=\"og:url\" content=\"https:\/\/zachary-jones.com\/zambombazo\/afrodescendientes-companeros-en-el-reino-de-la-cultura\/\" \/>\n<meta property=\"og:site_name\" content=\"Zambombazo\" \/>\n<meta property=\"article:published_time\" content=\"2016-02-01T13:01:12+00:00\" \/>\n<meta property=\"article:modified_time\" content=\"2026-03-22T08:26:32+00:00\" \/>\n<meta property=\"og:image\" content=\"https:\/\/zachary-jones.com\/zambombazo\/wp-content\/uploads\/2016\/01\/mayo_mes_de_la_herencia_africana_ministerio_de_cultura-f.jpg\" \/>\n\t<meta property=\"og:image:width\" content=\"720\" \/>\n\t<meta property=\"og:image:height\" content=\"340\" \/>\n\t<meta property=\"og:image:type\" content=\"image\/jpeg\" \/>\n<meta name=\"author\" content=\"Zachary &amp; Betsy Jones\" \/>\n<meta name=\"twitter:card\" content=\"summary_large_image\" \/>\n<meta name=\"twitter:creator\" content=\"@Zamb0mbazo\" \/>\n<meta name=\"twitter:site\" content=\"@Zamb0mbazo\" \/>\n<meta name=\"twitter:label1\" content=\"Written by\" \/>\n\t<meta name=\"twitter:data1\" content=\"Zachary &amp; Betsy Jones\" \/>\n\t<meta name=\"twitter:label2\" content=\"Est. reading time\" \/>\n\t<meta name=\"twitter:data2\" content=\"6 minutes\" \/>\n<script type=\"application\/ld+json\" class=\"yoast-schema-graph\">{\"@context\":\"https:\\\/\\\/schema.org\",\"@graph\":[{\"@type\":\"Article\",\"@id\":\"https:\\\/\\\/zachary-jones.com\\\/zambombazo\\\/afrodescendientes-companeros-en-el-reino-de-la-cultura\\\/#article\",\"isPartOf\":{\"@id\":\"https:\\\/\\\/zachary-jones.com\\\/zambombazo\\\/afrodescendientes-companeros-en-el-reino-de-la-cultura\\\/\"},\"author\":{\"name\":\"Zachary &amp; Betsy Jones\",\"@id\":\"https:\\\/\\\/zachary-jones.com\\\/zambombazo\\\/#\\\/schema\\\/person\\\/5534646c3fee3cc1e1ddb3b509204dd3\"},\"headline\":\"Afrodescendientes, compa\u00f1eros en el reino de la cultura\",\"datePublished\":\"2016-02-01T13:01:12+00:00\",\"dateModified\":\"2026-03-22T08:26:32+00:00\",\"mainEntityOfPage\":{\"@id\":\"https:\\\/\\\/zachary-jones.com\\\/zambombazo\\\/afrodescendientes-companeros-en-el-reino-de-la-cultura\\\/\"},\"wordCount\":2940,\"publisher\":{\"@id\":\"https:\\\/\\\/zachary-jones.com\\\/zambombazo\\\/#organization\"},\"image\":{\"@id\":\"https:\\\/\\\/zachary-jones.com\\\/zambombazo\\\/afrodescendientes-companeros-en-el-reino-de-la-cultura\\\/#primaryimage\"},\"thumbnailUrl\":\"https:\\\/\\\/zachary-jones.com\\\/zambombazo\\\/wp-content\\\/uploads\\\/2016\\\/01\\\/mayo_mes_de_la_herencia_africana_ministerio_de_cultura-f.jpg\",\"keywords\":[\"Afrodescendiente\",\"Argentina\",\"Belice\",\"Brasil\",\"Canad\u00e1\",\"Candombe\",\"Colombia\",\"Costa Rica\",\"Ecuador\",\"Estados Unidos\",\"Gar\u00edfuna\",\"Guatemala\",\"Herencia\",\"Historia Negra\",\"Honduras\",\"Identidades\",\"Igualdad\",\"Ingl\u00e9s\",\"Mujer\",\"Nicaragua\",\"Panam\u00e1\",\"Personajes hist\u00f3ricos\",\"Per\u00fa\",\"Tradici\u00f3n\",\"Uruguay\",\"Venezuela\"],\"articleSection\":[\"Historia\"],\"inLanguage\":\"en-US\"},{\"@type\":\"WebPage\",\"@id\":\"https:\\\/\\\/zachary-jones.com\\\/zambombazo\\\/afrodescendientes-companeros-en-el-reino-de-la-cultura\\\/\",\"url\":\"https:\\\/\\\/zachary-jones.com\\\/zambombazo\\\/afrodescendientes-companeros-en-el-reino-de-la-cultura\\\/\",\"name\":\"Afrodescendientes, compa\u00f1eros en el reino de la cultura\",\"isPartOf\":{\"@id\":\"https:\\\/\\\/zachary-jones.com\\\/zambombazo\\\/#website\"},\"primaryImageOfPage\":{\"@id\":\"https:\\\/\\\/zachary-jones.com\\\/zambombazo\\\/afrodescendientes-companeros-en-el-reino-de-la-cultura\\\/#primaryimage\"},\"image\":{\"@id\":\"https:\\\/\\\/zachary-jones.com\\\/zambombazo\\\/afrodescendientes-companeros-en-el-reino-de-la-cultura\\\/#primaryimage\"},\"thumbnailUrl\":\"https:\\\/\\\/zachary-jones.com\\\/zambombazo\\\/wp-content\\\/uploads\\\/2016\\\/01\\\/mayo_mes_de_la_herencia_africana_ministerio_de_cultura-f.jpg\",\"datePublished\":\"2016-02-01T13:01:12+00:00\",\"dateModified\":\"2026-03-22T08:26:32+00:00\",\"description\":\"\u00bfC\u00f3mo subrayan estas celebraciones el papel de los afrodescendientes como hacedores de la historia y compa\u00f1eros de trabajo en el reino de la cultura?\",\"breadcrumb\":{\"@id\":\"https:\\\/\\\/zachary-jones.com\\\/zambombazo\\\/afrodescendientes-companeros-en-el-reino-de-la-cultura\\\/#breadcrumb\"},\"inLanguage\":\"en-US\",\"potentialAction\":[{\"@type\":\"ReadAction\",\"target\":[\"https:\\\/\\\/zachary-jones.com\\\/zambombazo\\\/afrodescendientes-companeros-en-el-reino-de-la-cultura\\\/\"]}]},{\"@type\":\"ImageObject\",\"inLanguage\":\"en-US\",\"@id\":\"https:\\\/\\\/zachary-jones.com\\\/zambombazo\\\/afrodescendientes-companeros-en-el-reino-de-la-cultura\\\/#primaryimage\",\"url\":\"https:\\\/\\\/zachary-jones.com\\\/zambombazo\\\/wp-content\\\/uploads\\\/2016\\\/01\\\/mayo_mes_de_la_herencia_africana_ministerio_de_cultura-f.jpg\",\"contentUrl\":\"https:\\\/\\\/zachary-jones.com\\\/zambombazo\\\/wp-content\\\/uploads\\\/2016\\\/01\\\/mayo_mes_de_la_herencia_africana_ministerio_de_cultura-f.jpg\",\"width\":720,\"height\":340},{\"@type\":\"BreadcrumbList\",\"@id\":\"https:\\\/\\\/zachary-jones.com\\\/zambombazo\\\/afrodescendientes-companeros-en-el-reino-de-la-cultura\\\/#breadcrumb\",\"itemListElement\":[{\"@type\":\"ListItem\",\"position\":1,\"name\":\"Home\",\"item\":\"https:\\\/\\\/zachary-jones.com\\\/zambombazo\\\/\"},{\"@type\":\"ListItem\",\"position\":2,\"name\":\"Afrodescendientes, compa\u00f1eros en el reino de la cultura\"}]},{\"@type\":\"WebSite\",\"@id\":\"https:\\\/\\\/zachary-jones.com\\\/zambombazo\\\/#website\",\"url\":\"https:\\\/\\\/zachary-jones.com\\\/zambombazo\\\/\",\"name\":\"Zambombazo\",\"description\":\"Lengua, m\u00fasica y cultura\",\"publisher\":{\"@id\":\"https:\\\/\\\/zachary-jones.com\\\/zambombazo\\\/#organization\"},\"potentialAction\":[{\"@type\":\"SearchAction\",\"target\":{\"@type\":\"EntryPoint\",\"urlTemplate\":\"https:\\\/\\\/zachary-jones.com\\\/zambombazo\\\/?s={search_term_string}\"},\"query-input\":{\"@type\":\"PropertyValueSpecification\",\"valueRequired\":true,\"valueName\":\"search_term_string\"}}],\"inLanguage\":\"en-US\"},{\"@type\":\"Organization\",\"@id\":\"https:\\\/\\\/zachary-jones.com\\\/zambombazo\\\/#organization\",\"name\":\"Zambombazo\",\"url\":\"https:\\\/\\\/zachary-jones.com\\\/zambombazo\\\/\",\"logo\":{\"@type\":\"ImageObject\",\"inLanguage\":\"en-US\",\"@id\":\"https:\\\/\\\/zachary-jones.com\\\/zambombazo\\\/#\\\/schema\\\/logo\\\/image\\\/\",\"url\":\"https:\\\/\\\/zachary-jones.com\\\/zambombazo\\\/wp-content\\\/uploads\\\/2014\\\/05\\\/zambombazo_logo_google_knowledge_graph.png\",\"contentUrl\":\"https:\\\/\\\/zachary-jones.com\\\/zambombazo\\\/wp-content\\\/uploads\\\/2014\\\/05\\\/zambombazo_logo_google_knowledge_graph.png\",\"width\":1000,\"height\":134,\"caption\":\"Zambombazo\"},\"image\":{\"@id\":\"https:\\\/\\\/zachary-jones.com\\\/zambombazo\\\/#\\\/schema\\\/logo\\\/image\\\/\"},\"sameAs\":[\"https:\\\/\\\/x.com\\\/Zamb0mbazo\",\"https:\\\/\\\/www.youtube.com\\\/user\\\/profzjones\"]},{\"@type\":\"Person\",\"@id\":\"https:\\\/\\\/zachary-jones.com\\\/zambombazo\\\/#\\\/schema\\\/person\\\/5534646c3fee3cc1e1ddb3b509204dd3\",\"name\":\"Zachary &amp; Betsy Jones\",\"image\":{\"@type\":\"ImageObject\",\"inLanguage\":\"en-US\",\"@id\":\"https:\\\/\\\/secure.gravatar.com\\\/avatar\\\/baf66bb74500159ebb4c450bc1a312b4695d1bbeaf2623b9e7b1784dc286cf4f?s=96&d=mm&r=g\",\"url\":\"https:\\\/\\\/secure.gravatar.com\\\/avatar\\\/baf66bb74500159ebb4c450bc1a312b4695d1bbeaf2623b9e7b1784dc286cf4f?s=96&d=mm&r=g\",\"contentUrl\":\"https:\\\/\\\/secure.gravatar.com\\\/avatar\\\/baf66bb74500159ebb4c450bc1a312b4695d1bbeaf2623b9e7b1784dc286cf4f?s=96&d=mm&r=g\",\"caption\":\"Zachary &amp; Betsy Jones\"}}]}<\/script>\n<!-- \/ Yoast SEO plugin. -->","yoast_head_json":{"title":"Afrodescendientes, compa\u00f1eros en el reino de la cultura","description":"\u00bfC\u00f3mo subrayan estas celebraciones el papel de los afrodescendientes como hacedores de la historia y compa\u00f1eros de trabajo en el reino de la cultura?","robots":{"index":"index","follow":"follow","max-snippet":"max-snippet:-1","max-image-preview":"max-image-preview:large","max-video-preview":"max-video-preview:-1"},"canonical":"https:\/\/zachary-jones.com\/zambombazo\/afrodescendientes-companeros-en-el-reino-de-la-cultura\/","og_locale":"en_US","og_type":"article","og_title":"Afrodescendientes, compa\u00f1eros en el reino de la cultura","og_description":"\u00bfC\u00f3mo subrayan estas celebraciones el papel de los afrodescendientes como hacedores de la historia y compa\u00f1eros de trabajo en el reino de la cultura?","og_url":"https:\/\/zachary-jones.com\/zambombazo\/afrodescendientes-companeros-en-el-reino-de-la-cultura\/","og_site_name":"Zambombazo","article_published_time":"2016-02-01T13:01:12+00:00","article_modified_time":"2026-03-22T08:26:32+00:00","og_image":[{"width":720,"height":340,"url":"https:\/\/zachary-jones.com\/zambombazo\/wp-content\/uploads\/2016\/01\/mayo_mes_de_la_herencia_africana_ministerio_de_cultura-f.jpg","type":"image\/jpeg"}],"author":"Zachary &amp; Betsy Jones","twitter_card":"summary_large_image","twitter_creator":"@Zamb0mbazo","twitter_site":"@Zamb0mbazo","twitter_misc":{"Written by":"Zachary &amp; Betsy Jones","Est. reading time":"6 minutes"},"schema":{"@context":"https:\/\/schema.org","@graph":[{"@type":"Article","@id":"https:\/\/zachary-jones.com\/zambombazo\/afrodescendientes-companeros-en-el-reino-de-la-cultura\/#article","isPartOf":{"@id":"https:\/\/zachary-jones.com\/zambombazo\/afrodescendientes-companeros-en-el-reino-de-la-cultura\/"},"author":{"name":"Zachary &amp; Betsy Jones","@id":"https:\/\/zachary-jones.com\/zambombazo\/#\/schema\/person\/5534646c3fee3cc1e1ddb3b509204dd3"},"headline":"Afrodescendientes, compa\u00f1eros en el reino de la cultura","datePublished":"2016-02-01T13:01:12+00:00","dateModified":"2026-03-22T08:26:32+00:00","mainEntityOfPage":{"@id":"https:\/\/zachary-jones.com\/zambombazo\/afrodescendientes-companeros-en-el-reino-de-la-cultura\/"},"wordCount":2940,"publisher":{"@id":"https:\/\/zachary-jones.com\/zambombazo\/#organization"},"image":{"@id":"https:\/\/zachary-jones.com\/zambombazo\/afrodescendientes-companeros-en-el-reino-de-la-cultura\/#primaryimage"},"thumbnailUrl":"https:\/\/zachary-jones.com\/zambombazo\/wp-content\/uploads\/2016\/01\/mayo_mes_de_la_herencia_africana_ministerio_de_cultura-f.jpg","keywords":["Afrodescendiente","Argentina","Belice","Brasil","Canad\u00e1","Candombe","Colombia","Costa Rica","Ecuador","Estados Unidos","Gar\u00edfuna","Guatemala","Herencia","Historia Negra","Honduras","Identidades","Igualdad","Ingl\u00e9s","Mujer","Nicaragua","Panam\u00e1","Personajes hist\u00f3ricos","Per\u00fa","Tradici\u00f3n","Uruguay","Venezuela"],"articleSection":["Historia"],"inLanguage":"en-US"},{"@type":"WebPage","@id":"https:\/\/zachary-jones.com\/zambombazo\/afrodescendientes-companeros-en-el-reino-de-la-cultura\/","url":"https:\/\/zachary-jones.com\/zambombazo\/afrodescendientes-companeros-en-el-reino-de-la-cultura\/","name":"Afrodescendientes, compa\u00f1eros en el reino de la cultura","isPartOf":{"@id":"https:\/\/zachary-jones.com\/zambombazo\/#website"},"primaryImageOfPage":{"@id":"https:\/\/zachary-jones.com\/zambombazo\/afrodescendientes-companeros-en-el-reino-de-la-cultura\/#primaryimage"},"image":{"@id":"https:\/\/zachary-jones.com\/zambombazo\/afrodescendientes-companeros-en-el-reino-de-la-cultura\/#primaryimage"},"thumbnailUrl":"https:\/\/zachary-jones.com\/zambombazo\/wp-content\/uploads\/2016\/01\/mayo_mes_de_la_herencia_africana_ministerio_de_cultura-f.jpg","datePublished":"2016-02-01T13:01:12+00:00","dateModified":"2026-03-22T08:26:32+00:00","description":"\u00bfC\u00f3mo subrayan estas celebraciones el papel de los afrodescendientes como hacedores de la historia y compa\u00f1eros de trabajo en el reino de la cultura?","breadcrumb":{"@id":"https:\/\/zachary-jones.com\/zambombazo\/afrodescendientes-companeros-en-el-reino-de-la-cultura\/#breadcrumb"},"inLanguage":"en-US","potentialAction":[{"@type":"ReadAction","target":["https:\/\/zachary-jones.com\/zambombazo\/afrodescendientes-companeros-en-el-reino-de-la-cultura\/"]}]},{"@type":"ImageObject","inLanguage":"en-US","@id":"https:\/\/zachary-jones.com\/zambombazo\/afrodescendientes-companeros-en-el-reino-de-la-cultura\/#primaryimage","url":"https:\/\/zachary-jones.com\/zambombazo\/wp-content\/uploads\/2016\/01\/mayo_mes_de_la_herencia_africana_ministerio_de_cultura-f.jpg","contentUrl":"https:\/\/zachary-jones.com\/zambombazo\/wp-content\/uploads\/2016\/01\/mayo_mes_de_la_herencia_africana_ministerio_de_cultura-f.jpg","width":720,"height":340},{"@type":"BreadcrumbList","@id":"https:\/\/zachary-jones.com\/zambombazo\/afrodescendientes-companeros-en-el-reino-de-la-cultura\/#breadcrumb","itemListElement":[{"@type":"ListItem","position":1,"name":"Home","item":"https:\/\/zachary-jones.com\/zambombazo\/"},{"@type":"ListItem","position":2,"name":"Afrodescendientes, compa\u00f1eros en el reino de la cultura"}]},{"@type":"WebSite","@id":"https:\/\/zachary-jones.com\/zambombazo\/#website","url":"https:\/\/zachary-jones.com\/zambombazo\/","name":"Zambombazo","description":"Lengua, m\u00fasica y cultura","publisher":{"@id":"https:\/\/zachary-jones.com\/zambombazo\/#organization"},"potentialAction":[{"@type":"SearchAction","target":{"@type":"EntryPoint","urlTemplate":"https:\/\/zachary-jones.com\/zambombazo\/?s={search_term_string}"},"query-input":{"@type":"PropertyValueSpecification","valueRequired":true,"valueName":"search_term_string"}}],"inLanguage":"en-US"},{"@type":"Organization","@id":"https:\/\/zachary-jones.com\/zambombazo\/#organization","name":"Zambombazo","url":"https:\/\/zachary-jones.com\/zambombazo\/","logo":{"@type":"ImageObject","inLanguage":"en-US","@id":"https:\/\/zachary-jones.com\/zambombazo\/#\/schema\/logo\/image\/","url":"https:\/\/zachary-jones.com\/zambombazo\/wp-content\/uploads\/2014\/05\/zambombazo_logo_google_knowledge_graph.png","contentUrl":"https:\/\/zachary-jones.com\/zambombazo\/wp-content\/uploads\/2014\/05\/zambombazo_logo_google_knowledge_graph.png","width":1000,"height":134,"caption":"Zambombazo"},"image":{"@id":"https:\/\/zachary-jones.com\/zambombazo\/#\/schema\/logo\/image\/"},"sameAs":["https:\/\/x.com\/Zamb0mbazo","https:\/\/www.youtube.com\/user\/profzjones"]},{"@type":"Person","@id":"https:\/\/zachary-jones.com\/zambombazo\/#\/schema\/person\/5534646c3fee3cc1e1ddb3b509204dd3","name":"Zachary &amp; Betsy Jones","image":{"@type":"ImageObject","inLanguage":"en-US","@id":"https:\/\/secure.gravatar.com\/avatar\/baf66bb74500159ebb4c450bc1a312b4695d1bbeaf2623b9e7b1784dc286cf4f?s=96&d=mm&r=g","url":"https:\/\/secure.gravatar.com\/avatar\/baf66bb74500159ebb4c450bc1a312b4695d1bbeaf2623b9e7b1784dc286cf4f?s=96&d=mm&r=g","contentUrl":"https:\/\/secure.gravatar.com\/avatar\/baf66bb74500159ebb4c450bc1a312b4695d1bbeaf2623b9e7b1784dc286cf4f?s=96&d=mm&r=g","caption":"Zachary &amp; Betsy Jones"}}]}},"_links":{"self":[{"href":"https:\/\/zachary-jones.com\/zambombazo\/wp-json\/wp\/v2\/posts\/102513","targetHints":{"allow":["GET"]}}],"collection":[{"href":"https:\/\/zachary-jones.com\/zambombazo\/wp-json\/wp\/v2\/posts"}],"about":[{"href":"https:\/\/zachary-jones.com\/zambombazo\/wp-json\/wp\/v2\/types\/post"}],"author":[{"embeddable":true,"href":"https:\/\/zachary-jones.com\/zambombazo\/wp-json\/wp\/v2\/users\/4"}],"replies":[{"embeddable":true,"href":"https:\/\/zachary-jones.com\/zambombazo\/wp-json\/wp\/v2\/comments?post=102513"}],"version-history":[{"count":2,"href":"https:\/\/zachary-jones.com\/zambombazo\/wp-json\/wp\/v2\/posts\/102513\/revisions"}],"predecessor-version":[{"id":170978,"href":"https:\/\/zachary-jones.com\/zambombazo\/wp-json\/wp\/v2\/posts\/102513\/revisions\/170978"}],"wp:featuredmedia":[{"embeddable":true,"href":"https:\/\/zachary-jones.com\/zambombazo\/wp-json\/wp\/v2\/media\/102790"}],"wp:attachment":[{"href":"https:\/\/zachary-jones.com\/zambombazo\/wp-json\/wp\/v2\/media?parent=102513"}],"wp:term":[{"taxonomy":"category","embeddable":true,"href":"https:\/\/zachary-jones.com\/zambombazo\/wp-json\/wp\/v2\/categories?post=102513"},{"taxonomy":"post_tag","embeddable":true,"href":"https:\/\/zachary-jones.com\/zambombazo\/wp-json\/wp\/v2\/tags?post=102513"}],"curies":[{"name":"wp","href":"https:\/\/api.w.org\/{rel}","templated":true}]}}