{"id":101674,"date":"2016-01-19T08:00:35","date_gmt":"2016-01-19T13:00:35","guid":{"rendered":"http:\/\/zachary-jones.com\/zambombazo\/?p=101674"},"modified":"2023-09-04T13:46:42","modified_gmt":"2023-09-04T17:46:42","slug":"homenaje-afroboliviano-martin-luther-king-jr","status":"publish","type":"post","link":"https:\/\/zachary-jones.com\/zambombazo\/homenaje-afroboliviano-martin-luther-king-jr\/","title":{"rendered":"Homenaje afroboliviano a Martin Luther King, Jr."},"content":{"rendered":"<div class=\"video-container\">\n<div data-fullscreen=\"disabled\" data-mode=\"normal\" data-oembed=\"1\" data-provider=\"youtube\" data-reset-after-played id=\"arve-youtube-sihiih90uo0\" style=\"max-width:1100px;\" class=\"arve\">\n<div class=\"arve-inner\">\n<div style=\"aspect-ratio:500\/281\" class=\"arve-embed arve-embed--has-aspect-ratio\">\n<div class=\"arve-ar\" style=\"padding-top:56.200000%\"><\/div>\n<p>\t\t\t<iframe allow=\"accelerometer &apos;none&apos;;autoplay &apos;none&apos;;bluetooth &apos;none&apos;;browsing-topics &apos;none&apos;;camera &apos;none&apos;;clipboard-read &apos;none&apos;;clipboard-write;display-capture &apos;none&apos;;encrypted-media &apos;none&apos;;gamepad &apos;none&apos;;geolocation &apos;none&apos;;gyroscope &apos;none&apos;;hid &apos;none&apos;;identity-credentials-get &apos;none&apos;;idle-detection &apos;none&apos;;keyboard-map &apos;none&apos;;local-fonts;magnetometer &apos;none&apos;;microphone &apos;none&apos;;midi &apos;none&apos;;otp-credentials &apos;none&apos;;payment &apos;none&apos;;picture-in-picture;publickey-credentials-create &apos;none&apos;;publickey-credentials-get &apos;none&apos;;screen-wake-lock &apos;none&apos;;serial &apos;none&apos;;summarizer &apos;none&apos;;sync-xhr;usb &apos;none&apos;;web-share;window-management &apos;none&apos;;xr-spatial-tracking &apos;none&apos;;\" allowfullscreen=\"\" class=\"arve-iframe fitvidsignore\" credentialless data-arve=\"arve-youtube-sihiih90uo0\" data-lenis-prevent=\"\" data-src-no-ap=\"https:\/\/www.youtube-nocookie.com\/embed\/SihiIH90UO0?feature=oembed&#038;wmode=opaque&amp;iv_load_policy=3&amp;modestbranding=1&amp;rel=0&amp;autohide=1&amp;playsinline=0&amp;autoplay=0&amp;enablejsapi=1\" frameborder=\"0\" height=\"618.2\" loading=\"lazy\" name=\"\" referrerpolicy=\"strict-origin-when-cross-origin\" sandbox=\"allow-scripts allow-same-origin allow-presentation allow-popups allow-popups-to-escape-sandbox\" scrolling=\"no\" src=\"https:\/\/www.youtube-nocookie.com\/embed\/SihiIH90UO0?feature=oembed&#038;wmode=opaque&#038;iv_load_policy=3&#038;modestbranding=1&#038;rel=0&#038;autohide=1&#038;playsinline=0&#038;autoplay=0&#038;enablejsapi=1\" title=\"Homenaje a MARTIN LUTHER KING\" width=\"1100\"><\/iframe><\/p><\/div>\n<\/p><\/div>\n<p>\t<script type=\"application\/ld+json\">{\"@context\":\"http:\\\/\\\/schema.org\\\/\",\"@id\":\"https:\\\/\\\/zachary-jones.com\\\/zambombazo\\\/homenaje-afroboliviano-martin-luther-king-jr\\\/#arve-youtube-sihiih90uo0\",\"type\":\"VideoObject\",\"embedURL\":\"https:\\\/\\\/www.youtube-nocookie.com\\\/embed\\\/SihiIH90UO0?feature=oembed&wmode=opaque&iv_load_policy=3&modestbranding=1&rel=0&autohide=1&playsinline=0&autoplay=0&enablejsapi=1\",\"name\":\"Homenaje a MARTIN LUTHER KING\",\"thumbnailUrl\":\"https:\\\/\\\/i.ytimg.com\\\/vi\\\/SihiIH90UO0\\\/hqdefault.jpg\",\"uploadDate\":\"2026-04-30T15:02:59-04:00\",\"author\":\"voluntarios aea\",\"description\":\"Mira este video sobre el homenaje afroboliviano a Martin Luther King realizado en Santa Cruz, Bolivia en 2015 por la Fundaci\\u00f3n Aprendizaje en Acci\\u00f3n, Uni\\u00f3n Afro y CONAFRO con el apoyo del Centro de la Cultura Plurinacional. \\u00bfEn qu\\u00e9 se parece a la celebraci\"}<\/script><\/p>\n<\/div>\n<\/div>\n<p>Mira este video sobre el homenaje afroboliviano a Martin Luther King realizado en Santa Cruz, Bolivia en 2015 por la Fundaci\u00f3n Aprendizaje en Acci\u00f3n, Uni\u00f3n Afro y CONAFRO con el apoyo del Centro de la Cultura Plurinacional. \u00bfEn qu\u00e9 se parece a la celebraci\u00f3n del D\u00eda de Martin Luther King, Jr. en tu escuela o en tu comunidad?<\/p>\n<p>En este art\u00edculo encontrar\u00e1n un resumen del homenaje, con citas de los oradores. Al final del art\u00edculo aprenderemos sobre la Saya afroboliviana.<\/p>\n<p>Para empezar, la canal de la <a href=\"https:\/\/www.facebook.com\/fundacion.aea\">Fundaci\u00f3n Aprendizaje en Acci\u00f3n<\/a> (AEA) en YouTube provee la siguiente descripci\u00f3n:<\/p>\n<blockquote><p>Al comp\u00e1s de los tambores al sabor de la Saya afroboliviana, celebramos el legado del l\u00edder afroamericano, Dr. Martin Luther King, quien contribuy\u00f3 en gran medida a la igualdad de derechos de la poblaci\u00f3n afroamericana, activista de los derechos humanos y Premio Nobel de la Paz. En este homenaje tan importante a nivel mundial nos unimos a The King Center &#8216;sonando la campana&#8217; de la libertad en memoria de todos y todas los que lucharon por los derechos civiles.<\/p><\/blockquote>\n<p>La primera oradora, Sra. Fortunata Medina, fundadora de la Asociaci\u00f3n Uni\u00f3n Afro, cita un fragmento del discurso &#8220;Yo tengo un sue\u00f1o&#8221;, aplic\u00e1ndolo directamente a los afrobolivianos:<\/p>\n<blockquote><p>Por eso los afrobolivianos decimos estas frases de Martin Luther King: Ahora es tiempo para hacer realidad la promesa de democracia. Ahora es el tiempo de hacer de la justicia una realidad para todos los hijos de Dios&#8230;. Hoy tengo un sue\u00f1o que un d\u00eda mis hermanos afrobolivianos puedan vivir en una naci\u00f3n, que no sean juzgados por el color de su piel sino por su persona.\n<\/p><\/blockquote>\n<p>Sr. Oscar Felix Pinedo Medina, ejecutivo departamental del Concejo Nacional Afroboliviano (CONAFRO), presenta el repique de campanas &#8220;en memoria de Martin Luther King, l\u00edder afroamericano en defensa de los derechos humanos, autor del hist\u00f3rico del hist\u00f3rico discurso &#8216;Yo tengo un sue\u00f1o'&#8221;.<\/p>\n<p>Luego de un interludio musical con &#8220;Ala de colibr\u00ed&#8221; del trovador cubano Silvio Rodr\u00edguez, el escritor boliviano Homero Carvalho describe &#8220;el arma de la paz&#8221; de Martin Luther King, junto con Mahatma Gandhi y Nelson Mandela.<\/p>\n<p>Dr. Celso Parada, tal como hizo Fortunata Medina al principio, explica el legado de Martin Luther King en el contexto pol\u00edtico de Bolivia, particularmente el empoderamiento pol\u00edtico a trav\u00e9s del Art\u00edculo 30 de la constituci\u00f3n boliviana:<\/p>\n<blockquote><p>Es importante entender que la lucha de Martin Luther King, el deseo de igualdad de todos, el derecho que tienen todos los ciudadanos en el pa\u00eds, es algo que el Estado Plurinacional de Bolivia ha recogido y especialmente la no discriminaci\u00f3n y la lucha contra el racismo.<\/p><\/blockquote>\n<p>M\u00e1s all\u00e1 de la ley, la Sra. Mar\u00eda Tereza Callisaya, presidenta de la Asociaci\u00f3n Uni\u00f3n Afro de Santa Cruz, subraya la importancia del aprendizaje y la aplicaci\u00f3n personal:<\/p>\n<blockquote><p>Aun falta que muchos de nosotros aprendamos a hacer cumplir esta ley. A veces nosotros mismos vamos y discriminamos, entonces tenemos que aprender m\u00e1s.<\/p><\/blockquote>\n<p>Silvana V\u00e1zquez, directora del Centro de la cultura plurinacional, afirma que &#8220;el legado m\u00e1s importante de Martin Luther King es la capacidad de so\u00f1ar&#8221; y enfatiza que &#8220;es una lucha permanente&#8221; que no ha terminado todav\u00eda.<\/p>\n<p>Patricia Chavez Zalles, directora de la Fundaci\u00f3n AEA, presenta la \u00faltima parte del homenaje, la Saya afroboliviana. \u00bfQu\u00e9 es la Saya afroboliviana? \u00bfY c\u00f3mo refleja la Saya el legado de Martin Luther King? Mira el siguiente trailer del documental <em>Solidaridad en Saya<\/em>. Noten su conexi\u00f3n con la integraci\u00f3n, las protestas pac\u00edficas y el respeto mutuo, como revela esta cita:<\/p>\n<blockquote><p>Nosotros somos de marchas pac\u00edficas y las marchas pac\u00edficas son al ritmo de tambores. Por ejemplo, dice uno: &#8216;Ahora no es el tiempo de la exclusi\u00f3n. \u00bfPa&#8217; qu\u00e9 tratas a tu gente con tanto rencor?&#8217;. Esas son algunas canciones de la marcha, al ritmo del tambor, al ritmo de Saya. Creemos que la educaci\u00f3n, la tolerancia, el respeto, uno al otro, el respeto a la cultura del otro, eso va a hacer la diferencia.<\/p><\/blockquote>\n<p>\u00bfTe gustar\u00eda escuchar una Saya? Escucha <a href=\"https:\/\/zachary-jones.com\/zambombazo\/cancionero-grupo-afroboliviano-honor-y-gloria\/\">&#8220;Honor y gloria&#8221; del Grupo afroboliviano<\/a>.<\/p>\n<h6>Trailer: Solidaridad en Saya<\/h6>\n\n<div data-fullscreen=\"disabled\" data-mode=\"normal\" data-oembed=\"1\" data-provider=\"vimeo\" data-reset-after-played id=\"arve-vimeo-24032192\" style=\"max-width:1100px;\" class=\"arve\">\n\t<div class=\"arve-inner\">\n\t\t<div style=\"aspect-ratio:500\/281\" class=\"arve-embed arve-embed--has-aspect-ratio\">\n\t\t\t<div class=\"arve-ar\" style=\"padding-top:56.200000%\"><\/div>\n\t\t\t<iframe allow=\"accelerometer &apos;none&apos;;autoplay &apos;none&apos;;bluetooth &apos;none&apos;;browsing-topics &apos;none&apos;;camera &apos;none&apos;;clipboard-read &apos;none&apos;;clipboard-write;display-capture &apos;none&apos;;encrypted-media &apos;none&apos;;gamepad &apos;none&apos;;geolocation &apos;none&apos;;gyroscope &apos;none&apos;;hid &apos;none&apos;;identity-credentials-get &apos;none&apos;;idle-detection &apos;none&apos;;keyboard-map &apos;none&apos;;local-fonts;magnetometer &apos;none&apos;;microphone &apos;none&apos;;midi &apos;none&apos;;otp-credentials &apos;none&apos;;payment &apos;none&apos;;picture-in-picture;publickey-credentials-create &apos;none&apos;;publickey-credentials-get &apos;none&apos;;screen-wake-lock &apos;none&apos;;serial &apos;none&apos;;summarizer &apos;none&apos;;sync-xhr;usb &apos;none&apos;;web-share;window-management &apos;none&apos;;xr-spatial-tracking &apos;none&apos;;\" allowfullscreen=\"\" class=\"arve-iframe fitvidsignore\" credentialless data-arve=\"arve-vimeo-24032192\" data-lenis-prevent=\"\" data-src-no-ap=\"https:\/\/player.vimeo.com\/video\/24032192?dnt=1&amp;app_id=122963&amp;transparent=0&amp;title=1&amp;byline=0&amp;portrait=0&amp;autoplay=0\" frameborder=\"0\" height=\"618.2\" loading=\"lazy\" name=\"\" referrerpolicy=\"strict-origin-when-cross-origin\" sandbox=\"allow-scripts allow-same-origin allow-presentation allow-popups allow-popups-to-escape-sandbox allow-forms\" scrolling=\"no\" src=\"https:\/\/player.vimeo.com\/video\/24032192?dnt=1&#038;app_id=122963&#038;transparent=0&#038;title=1&#038;byline=0&#038;portrait=0&#038;autoplay=0\" title=\"Solidarity in Saya: An Afro-Bolivian Music Movement - trailer\" width=\"1100\"><\/iframe>\n\t\t\t\n\t\t<\/div>\n\t\t\n\t<\/div>\n\t\n\t\n\t<script type=\"application\/ld+json\">{\"@context\":\"http:\\\/\\\/schema.org\\\/\",\"@id\":\"https:\\\/\\\/zachary-jones.com\\\/zambombazo\\\/homenaje-afroboliviano-martin-luther-king-jr\\\/#arve-vimeo-24032192\",\"type\":\"VideoObject\",\"embedURL\":\"https:\\\/\\\/player.vimeo.com\\\/video\\\/24032192?dnt=1&app_id=122963&transparent=0&title=1&byline=0&portrait=0&autoplay=0\",\"name\":\"Solidarity in Saya: An Afro-Bolivian Music Movement - trailer\",\"thumbnailUrl\":\"https:\\\/\\\/i.vimeocdn.com\\\/video\\\/157033684-63ff50fe4a3ddb5823efcf73109aec720082161a45d0f178d57bdf9d59e155d6-d_295x166?region=us\",\"uploadDate\":\"2011-05-20T19:42:20+00:00\",\"author\":\"Maya Jensen\",\"duration\":\"PT2M\",\"description\":\"This documentary explores the modern resurgence of traditional Afro-Bolivian Saya music. \\n\\nThe Afro-Bolivian community has been historically underrepresented and has remained marginalized in poverty since the abolition of slavery.  \\n\\nIn recent decades, Afro-Bolivians have used Saya music to empower their movement and to build solidarity in the face of discrimination.  \\n\\nThe musicians use Saya as a platform for political activism and have been gaining visibility in society by telling their story and defining their own identity through performance.\"}<\/script>\n\t\n<\/div>\n<h5>Unidades did\u00e1cticas relacionadas<\/h5>\n<ul>\n<li><a href=\"https:\/\/zachary-jones.com\/zambombazo\/martin-luther-king-jr-day\/\">D\u00eda de Martin Luther King, Jr.<\/a><\/li>\n<li><a href=\"https:\/\/zachary-jones.com\/zambombazo\/people-of-african-descent-in-latin-america\/\">La poblaci\u00f3n afrodescendiente de Am\u00e9rica Latina<\/a><\/li>\n<li><a href=\"https:\/\/zachary-jones.com\/zambombazo\/social-injustice-protests\/\">La injusticia social y las protestas<\/a><\/li>\n<li><a href=\"https:\/\/zachary-jones.com\/zambombazo\/peace\/\">La paz<\/a><\/li>\n<li><a href=\"https:\/\/zachary-jones.com\/zambombazo\/dance\/\">El baile<\/a><\/li>\n<\/ul>\n","protected":false},"excerpt":{"rendered":"<p>Homenaje afroboliviano a Martin Luther King realizado en Santa Cruz, Bolivia en 2015, una serie de discursos con una presentaci\u00f3n de la Saya afroboliviana.<\/p>\n","protected":false},"author":4,"featured_media":101769,"comment_status":"closed","ping_status":"closed","sticky":false,"template":"","format":"standard","meta":{"pmpro_default_level":"","footnotes":""},"categories":[180],"tags":[519,464,12,407,774,520,481,626,593],"class_list":["post-101674","post","type-post","status-publish","format-standard","has-post-thumbnail","hentry","category-historia","tag-afrodescendiente","tag-baile","tag-bolivia","tag-cortometraje","tag-igualdad","tag-injusticia-social","tag-mlk","tag-paz","tag-saya","pmpro-has-access"],"yoast_head":"<!-- This site is optimized with the Yoast SEO plugin v27.4 - https:\/\/yoast.com\/product\/yoast-seo-wordpress\/ -->\n<title>Homenaje afroboliviano a Martin Luther King, Jr.<\/title>\n<meta name=\"description\" content=\"Homenaje afroboliviano a Martin Luther King realizado en Santa Cruz, Bolivia en 2015, una serie de discursos con una presentaci\u00f3n de la Saya afroboliviana.\" \/>\n<meta name=\"robots\" content=\"index, follow, max-snippet:-1, max-image-preview:large, max-video-preview:-1\" \/>\n<link rel=\"canonical\" href=\"https:\/\/zachary-jones.com\/zambombazo\/homenaje-afroboliviano-martin-luther-king-jr\/\" \/>\n<meta property=\"og:locale\" content=\"en_US\" \/>\n<meta property=\"og:type\" content=\"article\" \/>\n<meta property=\"og:title\" content=\"Homenaje afroboliviano a Martin Luther King, Jr.\" \/>\n<meta property=\"og:description\" content=\"Homenaje afroboliviano a Martin Luther King realizado en Santa Cruz, Bolivia en 2015, una serie de discursos con una presentaci\u00f3n de la Saya afroboliviana.\" \/>\n<meta property=\"og:url\" content=\"https:\/\/zachary-jones.com\/zambombazo\/homenaje-afroboliviano-martin-luther-king-jr\/\" \/>\n<meta property=\"og:site_name\" content=\"Zambombazo\" \/>\n<meta property=\"article:published_time\" content=\"2016-01-19T13:00:35+00:00\" \/>\n<meta property=\"article:modified_time\" content=\"2023-09-04T17:46:42+00:00\" \/>\n<meta property=\"og:image\" content=\"https:\/\/zachary-jones.com\/zambombazo\/wp-content\/uploads\/2016\/01\/homenaje_afroboliviano_a_martin_luther_king-f.jpg\" \/>\n\t<meta property=\"og:image:width\" content=\"720\" \/>\n\t<meta property=\"og:image:height\" content=\"340\" \/>\n\t<meta property=\"og:image:type\" content=\"image\/jpeg\" \/>\n<meta name=\"author\" content=\"Zachary &amp; Betsy Jones\" \/>\n<meta name=\"twitter:card\" content=\"summary_large_image\" \/>\n<meta name=\"twitter:creator\" content=\"@Zamb0mbazo\" \/>\n<meta name=\"twitter:site\" content=\"@Zamb0mbazo\" \/>\n<meta name=\"twitter:label1\" content=\"Written by\" \/>\n\t<meta name=\"twitter:data1\" content=\"Zachary &amp; Betsy Jones\" \/>\n\t<meta name=\"twitter:label2\" content=\"Est. reading time\" \/>\n\t<meta name=\"twitter:data2\" content=\"4 minutes\" \/>\n<script type=\"application\/ld+json\" class=\"yoast-schema-graph\">{\"@context\":\"https:\\\/\\\/schema.org\",\"@graph\":[{\"@type\":\"Article\",\"@id\":\"https:\\\/\\\/zachary-jones.com\\\/zambombazo\\\/homenaje-afroboliviano-martin-luther-king-jr\\\/#article\",\"isPartOf\":{\"@id\":\"https:\\\/\\\/zachary-jones.com\\\/zambombazo\\\/homenaje-afroboliviano-martin-luther-king-jr\\\/\"},\"author\":{\"name\":\"Zachary &amp; Betsy Jones\",\"@id\":\"https:\\\/\\\/zachary-jones.com\\\/zambombazo\\\/#\\\/schema\\\/person\\\/5534646c3fee3cc1e1ddb3b509204dd3\"},\"headline\":\"Homenaje afroboliviano a Martin Luther King, Jr.\",\"datePublished\":\"2016-01-19T13:00:35+00:00\",\"dateModified\":\"2023-09-04T17:46:42+00:00\",\"mainEntityOfPage\":{\"@id\":\"https:\\\/\\\/zachary-jones.com\\\/zambombazo\\\/homenaje-afroboliviano-martin-luther-king-jr\\\/\"},\"wordCount\":766,\"publisher\":{\"@id\":\"https:\\\/\\\/zachary-jones.com\\\/zambombazo\\\/#organization\"},\"image\":{\"@id\":\"https:\\\/\\\/zachary-jones.com\\\/zambombazo\\\/homenaje-afroboliviano-martin-luther-king-jr\\\/#primaryimage\"},\"thumbnailUrl\":\"https:\\\/\\\/zachary-jones.com\\\/zambombazo\\\/wp-content\\\/uploads\\\/2016\\\/01\\\/homenaje_afroboliviano_a_martin_luther_king-f.jpg\",\"keywords\":[\"Afrodescendiente\",\"Baile\",\"Bolivia\",\"Cortometraje\",\"Igualdad\",\"Injusticia social\",\"MLK\",\"Paz\",\"Saya\"],\"articleSection\":[\"Historia\"],\"inLanguage\":\"en-US\"},{\"@type\":\"WebPage\",\"@id\":\"https:\\\/\\\/zachary-jones.com\\\/zambombazo\\\/homenaje-afroboliviano-martin-luther-king-jr\\\/\",\"url\":\"https:\\\/\\\/zachary-jones.com\\\/zambombazo\\\/homenaje-afroboliviano-martin-luther-king-jr\\\/\",\"name\":\"Homenaje afroboliviano a Martin Luther King, Jr.\",\"isPartOf\":{\"@id\":\"https:\\\/\\\/zachary-jones.com\\\/zambombazo\\\/#website\"},\"primaryImageOfPage\":{\"@id\":\"https:\\\/\\\/zachary-jones.com\\\/zambombazo\\\/homenaje-afroboliviano-martin-luther-king-jr\\\/#primaryimage\"},\"image\":{\"@id\":\"https:\\\/\\\/zachary-jones.com\\\/zambombazo\\\/homenaje-afroboliviano-martin-luther-king-jr\\\/#primaryimage\"},\"thumbnailUrl\":\"https:\\\/\\\/zachary-jones.com\\\/zambombazo\\\/wp-content\\\/uploads\\\/2016\\\/01\\\/homenaje_afroboliviano_a_martin_luther_king-f.jpg\",\"datePublished\":\"2016-01-19T13:00:35+00:00\",\"dateModified\":\"2023-09-04T17:46:42+00:00\",\"description\":\"Homenaje afroboliviano a Martin Luther King realizado en Santa Cruz, Bolivia en 2015, una serie de discursos con una presentaci\u00f3n de la Saya afroboliviana.\",\"breadcrumb\":{\"@id\":\"https:\\\/\\\/zachary-jones.com\\\/zambombazo\\\/homenaje-afroboliviano-martin-luther-king-jr\\\/#breadcrumb\"},\"inLanguage\":\"en-US\",\"potentialAction\":[{\"@type\":\"ReadAction\",\"target\":[\"https:\\\/\\\/zachary-jones.com\\\/zambombazo\\\/homenaje-afroboliviano-martin-luther-king-jr\\\/\"]}]},{\"@type\":\"ImageObject\",\"inLanguage\":\"en-US\",\"@id\":\"https:\\\/\\\/zachary-jones.com\\\/zambombazo\\\/homenaje-afroboliviano-martin-luther-king-jr\\\/#primaryimage\",\"url\":\"https:\\\/\\\/zachary-jones.com\\\/zambombazo\\\/wp-content\\\/uploads\\\/2016\\\/01\\\/homenaje_afroboliviano_a_martin_luther_king-f.jpg\",\"contentUrl\":\"https:\\\/\\\/zachary-jones.com\\\/zambombazo\\\/wp-content\\\/uploads\\\/2016\\\/01\\\/homenaje_afroboliviano_a_martin_luther_king-f.jpg\",\"width\":720,\"height\":340},{\"@type\":\"BreadcrumbList\",\"@id\":\"https:\\\/\\\/zachary-jones.com\\\/zambombazo\\\/homenaje-afroboliviano-martin-luther-king-jr\\\/#breadcrumb\",\"itemListElement\":[{\"@type\":\"ListItem\",\"position\":1,\"name\":\"Home\",\"item\":\"https:\\\/\\\/zachary-jones.com\\\/zambombazo\\\/\"},{\"@type\":\"ListItem\",\"position\":2,\"name\":\"Homenaje afroboliviano a Martin Luther King, Jr.\"}]},{\"@type\":\"WebSite\",\"@id\":\"https:\\\/\\\/zachary-jones.com\\\/zambombazo\\\/#website\",\"url\":\"https:\\\/\\\/zachary-jones.com\\\/zambombazo\\\/\",\"name\":\"Zambombazo\",\"description\":\"Lengua, m\u00fasica y cultura\",\"publisher\":{\"@id\":\"https:\\\/\\\/zachary-jones.com\\\/zambombazo\\\/#organization\"},\"potentialAction\":[{\"@type\":\"SearchAction\",\"target\":{\"@type\":\"EntryPoint\",\"urlTemplate\":\"https:\\\/\\\/zachary-jones.com\\\/zambombazo\\\/?s={search_term_string}\"},\"query-input\":{\"@type\":\"PropertyValueSpecification\",\"valueRequired\":true,\"valueName\":\"search_term_string\"}}],\"inLanguage\":\"en-US\"},{\"@type\":\"Organization\",\"@id\":\"https:\\\/\\\/zachary-jones.com\\\/zambombazo\\\/#organization\",\"name\":\"Zambombazo\",\"url\":\"https:\\\/\\\/zachary-jones.com\\\/zambombazo\\\/\",\"logo\":{\"@type\":\"ImageObject\",\"inLanguage\":\"en-US\",\"@id\":\"https:\\\/\\\/zachary-jones.com\\\/zambombazo\\\/#\\\/schema\\\/logo\\\/image\\\/\",\"url\":\"https:\\\/\\\/zachary-jones.com\\\/zambombazo\\\/wp-content\\\/uploads\\\/2014\\\/05\\\/zambombazo_logo_google_knowledge_graph.png\",\"contentUrl\":\"https:\\\/\\\/zachary-jones.com\\\/zambombazo\\\/wp-content\\\/uploads\\\/2014\\\/05\\\/zambombazo_logo_google_knowledge_graph.png\",\"width\":1000,\"height\":134,\"caption\":\"Zambombazo\"},\"image\":{\"@id\":\"https:\\\/\\\/zachary-jones.com\\\/zambombazo\\\/#\\\/schema\\\/logo\\\/image\\\/\"},\"sameAs\":[\"https:\\\/\\\/x.com\\\/Zamb0mbazo\",\"https:\\\/\\\/www.youtube.com\\\/user\\\/profzjones\"]},{\"@type\":\"Person\",\"@id\":\"https:\\\/\\\/zachary-jones.com\\\/zambombazo\\\/#\\\/schema\\\/person\\\/5534646c3fee3cc1e1ddb3b509204dd3\",\"name\":\"Zachary &amp; Betsy Jones\",\"image\":{\"@type\":\"ImageObject\",\"inLanguage\":\"en-US\",\"@id\":\"https:\\\/\\\/secure.gravatar.com\\\/avatar\\\/baf66bb74500159ebb4c450bc1a312b4695d1bbeaf2623b9e7b1784dc286cf4f?s=96&d=mm&r=g\",\"url\":\"https:\\\/\\\/secure.gravatar.com\\\/avatar\\\/baf66bb74500159ebb4c450bc1a312b4695d1bbeaf2623b9e7b1784dc286cf4f?s=96&d=mm&r=g\",\"contentUrl\":\"https:\\\/\\\/secure.gravatar.com\\\/avatar\\\/baf66bb74500159ebb4c450bc1a312b4695d1bbeaf2623b9e7b1784dc286cf4f?s=96&d=mm&r=g\",\"caption\":\"Zachary &amp; Betsy Jones\"}}]}<\/script>\n<!-- \/ Yoast SEO plugin. -->","yoast_head_json":{"title":"Homenaje afroboliviano a Martin Luther King, Jr.","description":"Homenaje afroboliviano a Martin Luther King realizado en Santa Cruz, Bolivia en 2015, una serie de discursos con una presentaci\u00f3n de la Saya afroboliviana.","robots":{"index":"index","follow":"follow","max-snippet":"max-snippet:-1","max-image-preview":"max-image-preview:large","max-video-preview":"max-video-preview:-1"},"canonical":"https:\/\/zachary-jones.com\/zambombazo\/homenaje-afroboliviano-martin-luther-king-jr\/","og_locale":"en_US","og_type":"article","og_title":"Homenaje afroboliviano a Martin Luther King, Jr.","og_description":"Homenaje afroboliviano a Martin Luther King realizado en Santa Cruz, Bolivia en 2015, una serie de discursos con una presentaci\u00f3n de la Saya afroboliviana.","og_url":"https:\/\/zachary-jones.com\/zambombazo\/homenaje-afroboliviano-martin-luther-king-jr\/","og_site_name":"Zambombazo","article_published_time":"2016-01-19T13:00:35+00:00","article_modified_time":"2023-09-04T17:46:42+00:00","og_image":[{"width":720,"height":340,"url":"https:\/\/zachary-jones.com\/zambombazo\/wp-content\/uploads\/2016\/01\/homenaje_afroboliviano_a_martin_luther_king-f.jpg","type":"image\/jpeg"}],"author":"Zachary &amp; Betsy Jones","twitter_card":"summary_large_image","twitter_creator":"@Zamb0mbazo","twitter_site":"@Zamb0mbazo","twitter_misc":{"Written by":"Zachary &amp; Betsy Jones","Est. reading time":"4 minutes"},"schema":{"@context":"https:\/\/schema.org","@graph":[{"@type":"Article","@id":"https:\/\/zachary-jones.com\/zambombazo\/homenaje-afroboliviano-martin-luther-king-jr\/#article","isPartOf":{"@id":"https:\/\/zachary-jones.com\/zambombazo\/homenaje-afroboliviano-martin-luther-king-jr\/"},"author":{"name":"Zachary &amp; Betsy Jones","@id":"https:\/\/zachary-jones.com\/zambombazo\/#\/schema\/person\/5534646c3fee3cc1e1ddb3b509204dd3"},"headline":"Homenaje afroboliviano a Martin Luther King, Jr.","datePublished":"2016-01-19T13:00:35+00:00","dateModified":"2023-09-04T17:46:42+00:00","mainEntityOfPage":{"@id":"https:\/\/zachary-jones.com\/zambombazo\/homenaje-afroboliviano-martin-luther-king-jr\/"},"wordCount":766,"publisher":{"@id":"https:\/\/zachary-jones.com\/zambombazo\/#organization"},"image":{"@id":"https:\/\/zachary-jones.com\/zambombazo\/homenaje-afroboliviano-martin-luther-king-jr\/#primaryimage"},"thumbnailUrl":"https:\/\/zachary-jones.com\/zambombazo\/wp-content\/uploads\/2016\/01\/homenaje_afroboliviano_a_martin_luther_king-f.jpg","keywords":["Afrodescendiente","Baile","Bolivia","Cortometraje","Igualdad","Injusticia social","MLK","Paz","Saya"],"articleSection":["Historia"],"inLanguage":"en-US"},{"@type":"WebPage","@id":"https:\/\/zachary-jones.com\/zambombazo\/homenaje-afroboliviano-martin-luther-king-jr\/","url":"https:\/\/zachary-jones.com\/zambombazo\/homenaje-afroboliviano-martin-luther-king-jr\/","name":"Homenaje afroboliviano a Martin Luther King, Jr.","isPartOf":{"@id":"https:\/\/zachary-jones.com\/zambombazo\/#website"},"primaryImageOfPage":{"@id":"https:\/\/zachary-jones.com\/zambombazo\/homenaje-afroboliviano-martin-luther-king-jr\/#primaryimage"},"image":{"@id":"https:\/\/zachary-jones.com\/zambombazo\/homenaje-afroboliviano-martin-luther-king-jr\/#primaryimage"},"thumbnailUrl":"https:\/\/zachary-jones.com\/zambombazo\/wp-content\/uploads\/2016\/01\/homenaje_afroboliviano_a_martin_luther_king-f.jpg","datePublished":"2016-01-19T13:00:35+00:00","dateModified":"2023-09-04T17:46:42+00:00","description":"Homenaje afroboliviano a Martin Luther King realizado en Santa Cruz, Bolivia en 2015, una serie de discursos con una presentaci\u00f3n de la Saya afroboliviana.","breadcrumb":{"@id":"https:\/\/zachary-jones.com\/zambombazo\/homenaje-afroboliviano-martin-luther-king-jr\/#breadcrumb"},"inLanguage":"en-US","potentialAction":[{"@type":"ReadAction","target":["https:\/\/zachary-jones.com\/zambombazo\/homenaje-afroboliviano-martin-luther-king-jr\/"]}]},{"@type":"ImageObject","inLanguage":"en-US","@id":"https:\/\/zachary-jones.com\/zambombazo\/homenaje-afroboliviano-martin-luther-king-jr\/#primaryimage","url":"https:\/\/zachary-jones.com\/zambombazo\/wp-content\/uploads\/2016\/01\/homenaje_afroboliviano_a_martin_luther_king-f.jpg","contentUrl":"https:\/\/zachary-jones.com\/zambombazo\/wp-content\/uploads\/2016\/01\/homenaje_afroboliviano_a_martin_luther_king-f.jpg","width":720,"height":340},{"@type":"BreadcrumbList","@id":"https:\/\/zachary-jones.com\/zambombazo\/homenaje-afroboliviano-martin-luther-king-jr\/#breadcrumb","itemListElement":[{"@type":"ListItem","position":1,"name":"Home","item":"https:\/\/zachary-jones.com\/zambombazo\/"},{"@type":"ListItem","position":2,"name":"Homenaje afroboliviano a Martin Luther King, Jr."}]},{"@type":"WebSite","@id":"https:\/\/zachary-jones.com\/zambombazo\/#website","url":"https:\/\/zachary-jones.com\/zambombazo\/","name":"Zambombazo","description":"Lengua, m\u00fasica y cultura","publisher":{"@id":"https:\/\/zachary-jones.com\/zambombazo\/#organization"},"potentialAction":[{"@type":"SearchAction","target":{"@type":"EntryPoint","urlTemplate":"https:\/\/zachary-jones.com\/zambombazo\/?s={search_term_string}"},"query-input":{"@type":"PropertyValueSpecification","valueRequired":true,"valueName":"search_term_string"}}],"inLanguage":"en-US"},{"@type":"Organization","@id":"https:\/\/zachary-jones.com\/zambombazo\/#organization","name":"Zambombazo","url":"https:\/\/zachary-jones.com\/zambombazo\/","logo":{"@type":"ImageObject","inLanguage":"en-US","@id":"https:\/\/zachary-jones.com\/zambombazo\/#\/schema\/logo\/image\/","url":"https:\/\/zachary-jones.com\/zambombazo\/wp-content\/uploads\/2014\/05\/zambombazo_logo_google_knowledge_graph.png","contentUrl":"https:\/\/zachary-jones.com\/zambombazo\/wp-content\/uploads\/2014\/05\/zambombazo_logo_google_knowledge_graph.png","width":1000,"height":134,"caption":"Zambombazo"},"image":{"@id":"https:\/\/zachary-jones.com\/zambombazo\/#\/schema\/logo\/image\/"},"sameAs":["https:\/\/x.com\/Zamb0mbazo","https:\/\/www.youtube.com\/user\/profzjones"]},{"@type":"Person","@id":"https:\/\/zachary-jones.com\/zambombazo\/#\/schema\/person\/5534646c3fee3cc1e1ddb3b509204dd3","name":"Zachary &amp; Betsy Jones","image":{"@type":"ImageObject","inLanguage":"en-US","@id":"https:\/\/secure.gravatar.com\/avatar\/baf66bb74500159ebb4c450bc1a312b4695d1bbeaf2623b9e7b1784dc286cf4f?s=96&d=mm&r=g","url":"https:\/\/secure.gravatar.com\/avatar\/baf66bb74500159ebb4c450bc1a312b4695d1bbeaf2623b9e7b1784dc286cf4f?s=96&d=mm&r=g","contentUrl":"https:\/\/secure.gravatar.com\/avatar\/baf66bb74500159ebb4c450bc1a312b4695d1bbeaf2623b9e7b1784dc286cf4f?s=96&d=mm&r=g","caption":"Zachary &amp; Betsy Jones"}}]}},"_links":{"self":[{"href":"https:\/\/zachary-jones.com\/zambombazo\/wp-json\/wp\/v2\/posts\/101674","targetHints":{"allow":["GET"]}}],"collection":[{"href":"https:\/\/zachary-jones.com\/zambombazo\/wp-json\/wp\/v2\/posts"}],"about":[{"href":"https:\/\/zachary-jones.com\/zambombazo\/wp-json\/wp\/v2\/types\/post"}],"author":[{"embeddable":true,"href":"https:\/\/zachary-jones.com\/zambombazo\/wp-json\/wp\/v2\/users\/4"}],"replies":[{"embeddable":true,"href":"https:\/\/zachary-jones.com\/zambombazo\/wp-json\/wp\/v2\/comments?post=101674"}],"version-history":[{"count":1,"href":"https:\/\/zachary-jones.com\/zambombazo\/wp-json\/wp\/v2\/posts\/101674\/revisions"}],"predecessor-version":[{"id":169991,"href":"https:\/\/zachary-jones.com\/zambombazo\/wp-json\/wp\/v2\/posts\/101674\/revisions\/169991"}],"wp:featuredmedia":[{"embeddable":true,"href":"https:\/\/zachary-jones.com\/zambombazo\/wp-json\/wp\/v2\/media\/101769"}],"wp:attachment":[{"href":"https:\/\/zachary-jones.com\/zambombazo\/wp-json\/wp\/v2\/media?parent=101674"}],"wp:term":[{"taxonomy":"category","embeddable":true,"href":"https:\/\/zachary-jones.com\/zambombazo\/wp-json\/wp\/v2\/categories?post=101674"},{"taxonomy":"post_tag","embeddable":true,"href":"https:\/\/zachary-jones.com\/zambombazo\/wp-json\/wp\/v2\/tags?post=101674"}],"curies":[{"name":"wp","href":"https:\/\/api.w.org\/{rel}","templated":true}]}}